{"id":1425,"date":"2013-11-22T12:15:27","date_gmt":"2013-11-22T12:15:27","guid":{"rendered":"https:\/\/www.rubi.com\/es\/blog\/?p=1425"},"modified":"2025-12-04T17:44:29","modified_gmt":"2025-12-04T15:44:29","slug":"cevisama-2014-feria-habitat-valencia-y-fimma-maderalia-intensifican-la-promocion-y-captacion-de-compradores-internacionales","status":"publish","type":"post","link":"https:\/\/www.rubi.com\/es\/blog\/cevisama-2014-feria-habitat-valencia-y-fimma-maderalia-intensifican-la-promocion-y-captacion-de-compradores-internacionales\/","title":{"rendered":"Cevisama 2014, Feria H\u00e1bitat Valencia y Fimma \u2013 Maderalia intensifican la promoci\u00f3n y captaci\u00f3n de compradores internacionales"},"content":{"rendered":"<p>Los tres cert\u00e1menes reunir\u00e1n del 11 al 14 del pr\u00f3ximo mes de febrero 2013 a compradores de cerca de 140 pa\u00edses y la intenci\u00f3n es incrementar la presencia de visitantes internacionales de una serie de mercados considerados claves en la estrategia exportadora de los sectores presentes en Cevisama 2014, Feria H\u00e1bitat Valencia y Fimma-Maderalia.<\/p>\n<p>Dentro de la estrategia de posicionamiento de \u2018Nos Vemos en Valencia\u2019, que aglutina la celebraci\u00f3n conjunta de estas tres ferias junto a una serie de actos paralelos, se han identificado 58 mercados estrat\u00e9gicos para sectores como los de la cer\u00e1mica, revestimientos, muebles, madera, iluminaci\u00f3n, textil hogar, cocina, ba\u00f1o, decoraci\u00f3n o maquinaria.<\/p>\n<p>Destaca la apuesta por mercados emergentes y de gran proyecci\u00f3n como los del \u00c1frica subsahariana, Asia, y Latinoam\u00e9rica, que se suman a mercados maduros y con una notable presencia del producto \u2018made in Spain\u2019 como los de la Uni\u00f3n Europea, Estados Unidos, Europa del Este o Oriente Medio.<\/p>\n<p>El objetivo es reunir en Valencia en febrero 2013 al mayor n\u00famero de compradores y profesionales de los mercados m\u00e1s influyentes del segmento de la arquitectura, interiorismo y dise\u00f1o.<\/p>\n<p>El continente africano es uno de los mercados de mayor proyecci\u00f3n para la industria espa\u00f1ola de la cer\u00e1mica, madera, maquinaria y h\u00e1bitat, especialmente en el \u00e1mbito de la construcci\u00f3n y proyectos de interiorismo. Por ello, la zona del Magreb y \u00c1frica Subsahariana han sido se\u00f1alados como claves en la estrategia de internacionalizaci\u00f3n de los cert\u00e1menes de Feria Valencia.<\/p>\n<p>En el norte del continente, se est\u00e1n realizando acciones de captaci\u00f3n de compradores en pa\u00edses como Marruecos, Argelia, T\u00fanez y Libia. Adem\u00e1s, se ha prestado especial atenci\u00f3n al \u00c1frica Subsahariana, donde se ha dise\u00f1ado un programa de contactos con profesionales de Namibia, Botswana, Sud\u00e1frica, Mauritania, N\u00edger, Kenia, Guinea Ecuatorial, Guinea Bissau, Guinea Conakri, Uganda, Angola, Ghana, Gab\u00f3n, Costa de Marfil y Nigeria.<\/p>\n<p>Compradores de estos mercados ya se mostraron muy interesados en el producto \u2018made in Spain\u2019 en la \u00faltima edici\u00f3n de Cevisama, y han expresado su intenci\u00f3n de repetir visita y ampliar su cartera de proveedores espa\u00f1oles.<\/p>\n<p>En el mercado de Sudam\u00e9rica se est\u00e1 aprovechando la sinton\u00eda de los \u00faltimos a\u00f1os con prescriptores latinoamericanos para potenciar, asimismo, la visita de profesionales de M\u00e9xico, Rep\u00fablica Dominicana, Argentina, Per\u00fa, Brasil, Colombia, El Salvador, Panam\u00e1, Costa Rica, Chile, Ecuador y Bolivia.<\/p>\n<p>Estos mercados son de especial importancia, sobre todo, en el \u00e1mbito del contract y de instalaciones hoteleras de primer orden; al igual que los de Oriente Medio, donde la cer\u00e1mica y el h\u00e1bitat \u2018made in Spain\u2019 est\u00e1 encontrando un excelente campo de acci\u00f3n. Por ello, se est\u00e1n cerrando las visitas de prescriptores de alto nivel de Arabia Saudita, Emiratos \u00c1rabes Unidos y Qatar.<\/p>\n<p>Los compradores asi\u00e1ticos tambi\u00e9n est\u00e1n confirmando su visita a Valencia el pr\u00f3ximo mes de febrero. En concreto mercados como los de India, China, Malasia, Corea, Jap\u00f3n, Indonesia, Tailandia y Vietnam han mostrado especial inter\u00e9s en la oferta comercial integrada en \u2018Nos Vemos en Valencia\u2019.<\/p>\n<p>Por \u00faltimo, se ha reforzado la promoci\u00f3n de \u2018Nos Vemos en Valencia\u2019 y la captaci\u00f3n de visitantes en mercados maduros pero que ocupan un porcentaje muy alto en las exportaciones espa\u00f1olas. Es el caso de Estados Unidos, la Uni\u00f3n Europea y Europa del Este. En estos dos \u00faltimos casos, se est\u00e1n realizando distintas acciones comerciales y directas de captaci\u00f3n de profesionales de Francia, Reino Unido, Italia, Rusia, Portugal, Ucrania, Bulgaria, Rep\u00fablica Checa, B\u00e9lgica, Holanda, Luxemburgo, Irlanda, Polonia y Croacia.<\/p>\n<p>Todas estas acciones dan respuesta al dinamismo exportador del macrosector espa\u00f1ol del h\u00e1bitat. De hecho, tal y como confirman las \u00faltimas cifras aportadas por el ICEX, el primer semestre de 2013 ha sido el mejor en exportaciones de los \u00faltimos cinco a\u00f1os, con unas ventas al exterior del 5.502,9 millones de euros. Este par\u00e1metro mide de forma unificada el comportamiento exterior de sectores presentes en la oferta de Valencia como mueble, textil hogar, iluminaci\u00f3n, complementos de decoraci\u00f3n, pavimentos y revestimientos cer\u00e1micos, equipamientos para colectividades, piedra y ba\u00f1o.<\/p>\n<p>Seg\u00fan estas cifras, las exportaciones de estos sectores se sit\u00faan ya a niveles anteriores a la crisis y apuntalan a Francia, Alemania, Portugal, Reino Unido, Italia, Arabia Saudita, Estados Unidos, Rusia y Marruecos como sus diez mercados m\u00e1s importantes. Actualmente, el macrosector h\u00e1bitat ocupa el octavo puesto en el r\u00e1nking de los sectores m\u00e1s exportadores de la econom\u00eda espa\u00f1ola.<\/p>\n<p>Con todo ello, el plan de promoci\u00f3n internacional puesto en marcha por Feria Valencia en el marco de \u2018Nos Vemos en Valencia\u2019 consolida el papel de las ferias que se integran en esta cita como plataformas de negocio global. En su \u00faltima edici\u00f3n, Cevisama marc\u00f3 un r\u00e9cord de visitantes internacionales al congregar a m\u00e1s de 12.000 profesionales extranjeros, un 20% del total registrado. Por su parte, tanto Feria H\u00e1bitat Valencia como Fimma \u2013 Maderalia reunieron en sus \u00faltimas convocatorias a m\u00e1s de 2.000 compradores internacionales en sus respectivas citas.<\/p>\n<p>Newsletter Interempresas Construcci\u00f3n<br \/>\n27 septiembre 2013<\/p>\n","protected":false},"excerpt":{"rendered":"<p>Los tres cert\u00e1menes reunir\u00e1n del 11 al 14 del pr\u00f3ximo mes de febrero 2013 a compradores de cerca de 140 pa\u00edses y la intenci\u00f3n es incrementar la presencia de visitantes internacionales de una serie de mercados considerados claves en la estrategia exportadora de los sectores presentes en Cevisama 2014, Feria H\u00e1bitat Valencia y Fimma-Maderalia. Dentro &hellip; <a href=\"https:\/\/www.rubi.com\/es\/blog\/cevisama-2014-feria-habitat-valencia-y-fimma-maderalia-intensifican-la-promocion-y-captacion-de-compradores-internacionales\/\">Continued<\/a><\/p>\n","protected":false},"author":53,"featured_media":1426,"comment_status":"open","ping_status":"closed","sticky":false,"template":"","format":"standard","meta":{"_acf_changed":false,"content-type":"","footnotes":""},"categories":[122],"tags":[],"class_list":["post-1425","post","type-post","status-publish","format-standard","has-post-thumbnail","hentry","category-noticias-sobre-el-mundo-de-la-colocacion"],"acf":[],"yoast_head":"<!-- This site is optimized with the Yoast SEO plugin v27.4 - https:\/\/yoast.com\/product\/yoast-seo-wordpress\/ -->\n<title>Cevisama 2014, Feria H\u00e1bitat Valencia y Fimma \u2013 Maderalia intensifican la promoci\u00f3n y captaci\u00f3n de compradores internacionales<\/title>\n<meta name=\"description\" content=\"Los tres cert\u00e1menes reunir\u00e1n del 11 al 14 del pr\u00f3ximo mes de febrero 2013 a compradores de cerca de 140 pa\u00edses y la intenci\u00f3n es incrementar la presencia de visitantes internacionales de una serie de mercados considerados claves en la estrategia exportadora de los sectores presentes en Cevisama 2014, Feria H\u00e1bitat Valencia y Fimma-Maderalia.\" \/>\n<meta name=\"robots\" content=\"index, follow, max-snippet:-1, max-image-preview:large, max-video-preview:-1\" \/>\n<meta property=\"og:locale\" content=\"es_ES\" \/>\n<meta property=\"og:type\" content=\"article\" \/>\n<meta property=\"og:title\" content=\"Cevisama 2014, Feria H\u00e1bitat Valencia y Fimma \u2013 Maderalia intensifican la promoci\u00f3n y captaci\u00f3n de compradores internacionales\" \/>\n<meta property=\"og:description\" content=\"Los tres cert\u00e1menes reunir\u00e1n del 11 al 14 del pr\u00f3ximo mes de febrero 2013 a compradores de cerca de 140 pa\u00edses y la intenci\u00f3n es incrementar la presencia de visitantes internacionales de una serie de mercados considerados claves en la estrategia exportadora de los sectores presentes en Cevisama 2014, Feria H\u00e1bitat Valencia y Fimma-Maderalia.\" \/>\n<meta property=\"og:url\" content=\"https:\/\/www.rubi.com\/es\/blog\/cevisama-2014-feria-habitat-valencia-y-fimma-maderalia-intensifican-la-promocion-y-captacion-de-compradores-internacionales\/\" \/>\n<meta property=\"og:site_name\" content=\"RUBI Blog ES\" \/>\n<meta property=\"article:publisher\" content=\"https:\/\/www.instagram.com\/rubitools\/\" \/>\n<meta property=\"article:author\" content=\"https:\/\/www.facebook.com\/quimrubitools\/?locale=es_ES\" \/>\n<meta property=\"article:published_time\" content=\"2013-11-22T12:15:27+00:00\" \/>\n<meta property=\"article:modified_time\" content=\"2025-12-04T15:44:29+00:00\" \/>\n<meta name=\"author\" content=\"Berta\" \/>\n<meta name=\"twitter:card\" content=\"summary_large_image\" \/>\n<meta name=\"twitter:creator\" content=\"@RubiTools_Es\" \/>\n<meta name=\"twitter:site\" content=\"@RubiTools_Es\" \/>\n<meta name=\"twitter:label1\" content=\"Escrito por\" \/>\n\t<meta name=\"twitter:data1\" content=\"Berta\" \/>\n\t<meta name=\"twitter:label2\" content=\"Tiempo de lectura\" \/>\n\t<meta name=\"twitter:data2\" content=\"4 minutos\" \/>\n<!-- \/ Yoast SEO plugin. -->","yoast_head_json":{"title":"Cevisama 2014, Feria H\u00e1bitat Valencia y Fimma \u2013 Maderalia intensifican la promoci\u00f3n y captaci\u00f3n de compradores internacionales","description":"Los tres cert\u00e1menes reunir\u00e1n del 11 al 14 del pr\u00f3ximo mes de febrero 2013 a compradores de cerca de 140 pa\u00edses y la intenci\u00f3n es incrementar la presencia de visitantes internacionales de una serie de mercados considerados claves en la estrategia exportadora de los sectores presentes en Cevisama 2014, Feria H\u00e1bitat Valencia y Fimma-Maderalia.","robots":{"index":"index","follow":"follow","max-snippet":"max-snippet:-1","max-image-preview":"max-image-preview:large","max-video-preview":"max-video-preview:-1"},"og_locale":"es_ES","og_type":"article","og_title":"Cevisama 2014, Feria H\u00e1bitat Valencia y Fimma \u2013 Maderalia intensifican la promoci\u00f3n y captaci\u00f3n de compradores internacionales","og_description":"Los tres cert\u00e1menes reunir\u00e1n del 11 al 14 del pr\u00f3ximo mes de febrero 2013 a compradores de cerca de 140 pa\u00edses y la intenci\u00f3n es incrementar la presencia de visitantes internacionales de una serie de mercados considerados claves en la estrategia exportadora de los sectores presentes en Cevisama 2014, Feria H\u00e1bitat Valencia y Fimma-Maderalia.","og_url":"https:\/\/www.rubi.com\/es\/blog\/cevisama-2014-feria-habitat-valencia-y-fimma-maderalia-intensifican-la-promocion-y-captacion-de-compradores-internacionales\/","og_site_name":"RUBI Blog ES","article_publisher":"https:\/\/www.instagram.com\/rubitools\/","article_author":"https:\/\/www.facebook.com\/quimrubitools\/?locale=es_ES","article_published_time":"2013-11-22T12:15:27+00:00","article_modified_time":"2025-12-04T15:44:29+00:00","author":"Berta","twitter_card":"summary_large_image","twitter_creator":"@RubiTools_Es","twitter_site":"@RubiTools_Es","twitter_misc":{"Escrito por":"Berta","Tiempo de lectura":"4 minutos"},"schema":{"@context":"https:\/\/schema.org","@graph":[{"@type":"WebPage","@id":"https:\/\/www.rubi.com\/es\/blog\/cevisama-2014-feria-habitat-valencia-y-fimma-maderalia-intensifican-la-promocion-y-captacion-de-compradores-internacionales\/","url":"https:\/\/www.rubi.com\/es\/blog\/cevisama-2014-feria-habitat-valencia-y-fimma-maderalia-intensifican-la-promocion-y-captacion-de-compradores-internacionales\/","name":"Cevisama 2014, Feria H\u00e1bitat Valencia y Fimma \u2013 Maderalia intensifican la promoci\u00f3n y captaci\u00f3n de compradores internacionales","isPartOf":{"@id":"https:\/\/www.rubi.com\/es\/#website"},"primaryImageOfPage":{"@id":"https:\/\/www.rubi.com\/es\/blog\/cevisama-2014-feria-habitat-valencia-y-fimma-maderalia-intensifican-la-promocion-y-captacion-de-compradores-internacionales\/#primaryimage"},"image":{"@id":"https:\/\/www.rubi.com\/es\/blog\/cevisama-2014-feria-habitat-valencia-y-fimma-maderalia-intensifican-la-promocion-y-captacion-de-compradores-internacionales\/#primaryimage"},"thumbnailUrl":"","datePublished":"2013-11-22T12:15:27+00:00","dateModified":"2025-12-04T15:44:29+00:00","description":"Los tres cert\u00e1menes reunir\u00e1n del 11 al 14 del pr\u00f3ximo mes de febrero 2013 a compradores de cerca de 140 pa\u00edses y la intenci\u00f3n es incrementar la presencia de visitantes internacionales de una serie de mercados considerados claves en la estrategia exportadora de los sectores presentes en Cevisama 2014, Feria H\u00e1bitat Valencia y Fimma-Maderalia.","breadcrumb":{"@id":"https:\/\/www.rubi.com\/es\/blog\/cevisama-2014-feria-habitat-valencia-y-fimma-maderalia-intensifican-la-promocion-y-captacion-de-compradores-internacionales\/#breadcrumb"},"inLanguage":"es","potentialAction":[{"@type":"ReadAction","target":["https:\/\/www.rubi.com\/es\/blog\/cevisama-2014-feria-habitat-valencia-y-fimma-maderalia-intensifican-la-promocion-y-captacion-de-compradores-internacionales\/"]}]},{"@type":"ImageObject","inLanguage":"es","@id":"https:\/\/www.rubi.com\/es\/blog\/cevisama-2014-feria-habitat-valencia-y-fimma-maderalia-intensifican-la-promocion-y-captacion-de-compradores-internacionales\/#primaryimage","url":"","contentUrl":""},{"@type":"BreadcrumbList","@id":"https:\/\/www.rubi.com\/es\/blog\/cevisama-2014-feria-habitat-valencia-y-fimma-maderalia-intensifican-la-promocion-y-captacion-de-compradores-internacionales\/#breadcrumb","itemListElement":[{"@type":"ListItem","position":1,"name":"Home","item":"https:\/\/www.rubi.com\/es\/"},{"@type":"ListItem","position":2,"name":"Cevisama 2014, Feria H\u00e1bitat Valencia y Fimma \u2013 Maderalia intensifican la promoci\u00f3n y captaci\u00f3n de compradores internacionales"}]},{"@type":"WebSite","@id":"https:\/\/www.rubi.com\/es\/#website","url":"https:\/\/www.rubi.com\/es\/","name":"RUBI Blog ES","description":"","publisher":{"@id":"https:\/\/www.rubi.com\/es\/#organization"},"potentialAction":[{"@type":"SearchAction","target":{"@type":"EntryPoint","urlTemplate":"https:\/\/www.rubi.com\/es\/?s={search_term_string}"},"query-input":{"@type":"PropertyValueSpecification","valueRequired":true,"valueName":"search_term_string"}}],"inLanguage":"es"},{"@type":"Organization","@id":"https:\/\/www.rubi.com\/es\/#organization","name":"RUBI Tools Espa\u00f1a Fran\u00e7ais","url":"https:\/\/www.rubi.com\/es\/","logo":{"@type":"ImageObject","inLanguage":"es","@id":"https:\/\/www.rubi.com\/es\/#\/schema\/logo\/image\/","url":"https:\/\/www.rubi.com\/fr\/blog\/wp-content\/uploads\/2021\/09\/rubi-logo-new.png","contentUrl":"https:\/\/www.rubi.com\/fr\/blog\/wp-content\/uploads\/2021\/09\/rubi-logo-new.png","width":300,"height":300,"caption":"RUBI Tools Espa\u00f1a Fran\u00e7ais"},"image":{"@id":"https:\/\/www.rubi.com\/es\/#\/schema\/logo\/image\/"},"sameAs":["https:\/\/www.instagram.com\/rubitools\/","https:\/\/x.com\/RubiTools_Es","https:\/\/www.linkedin.com\/company\/rubi-group\/","https:\/\/www.youtube.com\/c\/ClubRubi"]}]}},"_links":{"self":[{"href":"https:\/\/www.rubi.com\/es\/blog\/wp-json\/wp\/v2\/posts\/1425","targetHints":{"allow":["GET"]}}],"collection":[{"href":"https:\/\/www.rubi.com\/es\/blog\/wp-json\/wp\/v2\/posts"}],"about":[{"href":"https:\/\/www.rubi.com\/es\/blog\/wp-json\/wp\/v2\/types\/post"}],"author":[{"embeddable":true,"href":"https:\/\/www.rubi.com\/es\/blog\/wp-json\/wp\/v2\/users\/53"}],"replies":[{"embeddable":true,"href":"https:\/\/www.rubi.com\/es\/blog\/wp-json\/wp\/v2\/comments?post=1425"}],"version-history":[{"count":-1,"href":"https:\/\/www.rubi.com\/es\/blog\/wp-json\/wp\/v2\/posts\/1425\/revisions"}],"wp:featuredmedia":[{"embeddable":true,"href":"https:\/\/www.rubi.com\/es\/blog\/wp-json\/"}],"wp:attachment":[{"href":"https:\/\/www.rubi.com\/es\/blog\/wp-json\/wp\/v2\/media?parent=1425"}],"wp:term":[{"taxonomy":"category","embeddable":true,"href":"https:\/\/www.rubi.com\/es\/blog\/wp-json\/wp\/v2\/categories?post=1425"},{"taxonomy":"post_tag","embeddable":true,"href":"https:\/\/www.rubi.com\/es\/blog\/wp-json\/wp\/v2\/tags?post=1425"}],"curies":[{"name":"wp","href":"https:\/\/api.w.org\/{rel}","templated":true}]}}