{"id":1489,"date":"2013-12-24T11:30:49","date_gmt":"2013-12-24T11:30:49","guid":{"rendered":"https:\/\/www.rubi.com\/es\/blog\/?p=1489"},"modified":"2025-12-04T18:07:10","modified_gmt":"2025-12-04T16:07:10","slug":"la-recuperacion-de-la-construccion-europea-en-2014-no-sera-contundente-pero-tampoco-se-esperan-mas-recaidas","status":"publish","type":"post","link":"https:\/\/www.rubi.com\/es\/blog\/la-recuperacion-de-la-construccion-europea-en-2014-no-sera-contundente-pero-tampoco-se-esperan-mas-recaidas\/","title":{"rendered":"La recuperaci\u00f3n de la construcci\u00f3n europea en 2014 no ser\u00e1 contundente pero tampoco se esperan m\u00e1s reca\u00eddas"},"content":{"rendered":"<blockquote><p>La recuperaci\u00f3n de la construcci\u00f3n europea\u00a0en 2014 no ser\u00e1 contundente pero tampoco se esperan m\u00e1s reca\u00eddas.<br \/>\nComo cada a\u00f1o,\u00a0<a href=\"https:\/\/www.euroconstruct.org\/\" target=\"_blank\" rel=\"noopener noreferrer\">Euroconstruct<\/a>, el grupo independiente de an\u00e1lisis que se encarga de presentar informes sobre la situaci\u00f3n actual y futura de los mercados de la construcci\u00f3n relativos a la edificaci\u00f3n residencial, no residencial, rehabilitaci\u00f3n e ingenier\u00eda civil, ya ha celebrado su conferencia bianual. En esta edici\u00f3n, han presentado los datos sobre la situaci\u00f3n actual y futura de los mercados de construcci\u00f3n europeos. Seg\u00fan este informe, 2014 ser\u00e1 el primer a\u00f1o en el que la recesi\u00f3n s\u00f3lo tendr\u00e1 un d\u00edgito en la producci\u00f3n del sector de la construcci\u00f3n espa\u00f1ola (-6,5%). Habr\u00e1 una lenta recuperaci\u00f3n de la construcci\u00f3n europea.<\/p>\n<p>El sector construcci\u00f3n europeo es cauto ante los indicadores de mejora que se entrev\u00e9n para 2014, temeroso de que se pueda tratar de otro fen\u00f3meno pasajero como el registrado en 2010 y 2011. Parte de este escepticismo viene dado por los datos recogidos este 2013 (-3,0%), que no se corresponden con n\u00fameros de un a\u00f1o en transici\u00f3n. De todas maneras, los informes de Euroconstruct afirman que el fin de la recesi\u00f3n puede ser definitivo, y que, aunque no haya motivos para una reca\u00edda, tampoco los hay para esperar una recuperaci\u00f3n contundente. Las expectativas de crecimiento se reducen a un 0,9% para 2014 y a un 1,8% para 2015, con tendencia a acelerarse de cara a 2016.<\/p>\n<p>En un momento de cambio de ciclo como \u00e9ste, se debe prestar tanta atenci\u00f3n a la previsi\u00f3n futura por pa\u00edses, como a su comportamiento durante los \u00faltimos a\u00f1os. Irlanda y Hungr\u00eda encabezan el ranking de previsiones positivas, pero no ser\u00e1n tan significativas al tratarse de mercados que vienen de contracciones muy severas. La situaci\u00f3n m\u00e1s favorable la tienen los pa\u00edses en los que se ha podido conservar una base de mercado razonable por su baja exposici\u00f3n a la crisis, como por ejemplo los pa\u00edses de la \u00f3rbita germ\u00e1nica. En el lado opuesto se encuentran casi un tercio de los pa\u00edses de la zona Euroconstruct, entre ellos Francia o Italia, que no lograr\u00e1n alcanzar el modesto ritmo de crecimiento promedio.<\/p>\n<p>La edificaci\u00f3n residencial cierra su ciclo recesivo en 2013 (-3,6%), y como ya se viene dando durante los \u00faltimos informes, se convierte en el segmento con las previsiones de mayor crecimiento en 2014 (+2,4%) y 2015 (+4,0%). Aun as\u00ed, el mercado de la vivienda contin\u00faa estando lejos de su normalizaci\u00f3n por la baja demanda que se da en pr\u00e1cticamente toda la Europa del Este, Italia, Francia y Espa\u00f1a. En Reino Unido y Holanda se espera un cierto avance, pero en una atm\u00f3sfera de elevada incertidumbre. Una vez m\u00e1s, los \u00fanicos mercados en donde se prev\u00e9 un crecimiento, tanto de oferta como de demanda, se circunscriben a la zona n\u00f3rdica y la germ\u00e1nica.<\/p>\n<p>La edificaci\u00f3n no residencial todav\u00eda no ha tocado fondo, la contracci\u00f3n ser\u00e1 notable en 2013 (-5,6%) se suavizar\u00e1 en 2014 (-1,0%) y en 2005 ser\u00e1 finalmente positiva (+1,4%). Los submercados en mejor posici\u00f3n ser\u00e1n los de log\u00edstica y sanidad, mientras que la edificaci\u00f3n industrial y de oficinas tiene una perspectiva m\u00e1s delicada por la abundancia de stocks. Por otro lado, la construcci\u00f3n destinada a comercio y educaci\u00f3n tender\u00e1 al estancamiento. Los pa\u00edses escandinavos y Alemania parecen ser los \u00fanicos atractivos para los promotores.<\/p>\n<p>La rehabilitaci\u00f3n de inmuebles seguir\u00e1 ci\u00f1\u00e9ndose a su mismo comportamiento, mostrando resistencia a contraerse, pero tambi\u00e9n a crecer. As\u00ed, ha sido el segmento que menos ha contribuido al descenso de producci\u00f3n de 2013 (-1,2%), pero tambi\u00e9n ser\u00e1 el que menos crezca en 2015 (+1,2%) por la situaci\u00f3n de crisis econ\u00f3mica.<\/p>\n<p>La ingenier\u00eda civil tambi\u00e9n conf\u00eda en que este sea su \u00faltimo ejercicio en negativo (-4,2%), tras el que se abrir\u00e1 un periodo de crecimiento modesto y de poca aceleraci\u00f3n (+1,2% en 2014 y +1,6% en 2015) dado por la limitaci\u00f3n deficitaria de las administraciones p\u00fablicas. Como viene siendo habitual, las mejores expectativas se encuentran en las infraestructuras de energ\u00eda, pero se advierte de que la baja inversi\u00f3n no satisfar\u00e1 los objetivos marcados por la UE para 2020. Las previsiones m\u00e1s positivas corresponden a los pa\u00edses del Este, cuyo crecimiento tiende a hacerse m\u00e1s robusto de cara a 2016.<\/p><\/blockquote>\n<p>Fuente: Interempresas Construcci\u00f3n<br \/>\n20 diciembre 2013<\/p>\n","protected":false},"excerpt":{"rendered":"<p>La recuperaci\u00f3n de la construcci\u00f3n europea\u00a0en 2014 no ser\u00e1 contundente pero tampoco se esperan m\u00e1s reca\u00eddas. Como cada a\u00f1o,\u00a0Euroconstruct, el grupo independiente de an\u00e1lisis que se encarga de presentar informes sobre la situaci\u00f3n actual y futura de los mercados de la construcci\u00f3n relativos a la edificaci\u00f3n residencial, no residencial, rehabilitaci\u00f3n e ingenier\u00eda civil, ya ha &hellip; <a href=\"https:\/\/www.rubi.com\/es\/blog\/la-recuperacion-de-la-construccion-europea-en-2014-no-sera-contundente-pero-tampoco-se-esperan-mas-recaidas\/\">Continued<\/a><\/p>\n","protected":false},"author":53,"featured_media":1491,"comment_status":"open","ping_status":"closed","sticky":false,"template":"","format":"standard","meta":{"_acf_changed":false,"content-type":"","footnotes":""},"categories":[122],"tags":[],"class_list":["post-1489","post","type-post","status-publish","format-standard","has-post-thumbnail","hentry","category-noticias-sobre-el-mundo-de-la-colocacion"],"acf":[],"yoast_head":"<!-- This site is optimized with the Yoast SEO plugin v27.4 - https:\/\/yoast.com\/product\/yoast-seo-wordpress\/ -->\n<title>La recuperaci\u00f3n de la construcci\u00f3n europea en 2014 no ser\u00e1 contundente pero tampoco se esperan m\u00e1s reca\u00eddas.<\/title>\n<meta name=\"description\" content=\"La recuperaci\u00f3n de la construcci\u00f3n europea en 2014 no ser\u00e1 contundente pero tampoco se esperan m\u00e1s reca\u00eddas. Como cada a\u00f1o, Euroconstruct, el grupo independiente de an\u00e1lisis que se encarga de presentar informes sobre la situaci\u00f3n actual y futura de los mercados de la construcci\u00f3n relativos a la edificaci\u00f3n residencial, no residencial, rehabilitaci\u00f3n e ingenier\u00eda civil, ya ha celebrado su conferencia bianual.\" \/>\n<meta name=\"robots\" content=\"index, follow, max-snippet:-1, max-image-preview:large, max-video-preview:-1\" \/>\n<meta property=\"og:locale\" content=\"es_ES\" \/>\n<meta property=\"og:type\" content=\"article\" \/>\n<meta property=\"og:title\" content=\"La recuperaci\u00f3n de la construcci\u00f3n europea en 2014 no ser\u00e1 contundente pero tampoco se esperan m\u00e1s reca\u00eddas.\" \/>\n<meta property=\"og:description\" content=\"La recuperaci\u00f3n de la construcci\u00f3n europea en 2014 no ser\u00e1 contundente pero tampoco se esperan m\u00e1s reca\u00eddas. Como cada a\u00f1o, Euroconstruct, el grupo independiente de an\u00e1lisis que se encarga de presentar informes sobre la situaci\u00f3n actual y futura de los mercados de la construcci\u00f3n relativos a la edificaci\u00f3n residencial, no residencial, rehabilitaci\u00f3n e ingenier\u00eda civil, ya ha celebrado su conferencia bianual.\" \/>\n<meta property=\"og:url\" content=\"https:\/\/www.rubi.com\/es\/blog\/la-recuperacion-de-la-construccion-europea-en-2014-no-sera-contundente-pero-tampoco-se-esperan-mas-recaidas\/\" \/>\n<meta property=\"og:site_name\" content=\"RUBI Blog ES\" \/>\n<meta property=\"article:publisher\" content=\"https:\/\/www.instagram.com\/rubitools\/\" \/>\n<meta property=\"article:author\" content=\"https:\/\/www.facebook.com\/quimrubitools\/?locale=es_ES\" \/>\n<meta property=\"article:published_time\" content=\"2013-12-24T11:30:49+00:00\" \/>\n<meta property=\"article:modified_time\" content=\"2025-12-04T16:07:10+00:00\" \/>\n<meta property=\"og:image\" content=\"https:\/\/www.rubi.com\/es\/blog\/wp-content\/uploads\/2021\/05\/70910-espatula-inox-40-mm-1-m-rubi.jpg\" \/>\n\t<meta property=\"og:image:width\" content=\"1031\" \/>\n\t<meta property=\"og:image:height\" content=\"576\" \/>\n\t<meta property=\"og:image:type\" content=\"image\/jpeg\" \/>\n<meta name=\"author\" content=\"Berta\" \/>\n<meta name=\"twitter:card\" content=\"summary_large_image\" \/>\n<meta name=\"twitter:creator\" content=\"@RubiTools_Es\" \/>\n<meta name=\"twitter:site\" content=\"@RubiTools_Es\" \/>\n<meta name=\"twitter:label1\" content=\"Escrito por\" \/>\n\t<meta name=\"twitter:data1\" content=\"Berta\" \/>\n\t<meta name=\"twitter:label2\" content=\"Tiempo de lectura\" \/>\n\t<meta name=\"twitter:data2\" content=\"4 minutos\" \/>\n<!-- \/ Yoast SEO plugin. -->","yoast_head_json":{"title":"La recuperaci\u00f3n de la construcci\u00f3n europea en 2014 no ser\u00e1 contundente pero tampoco se esperan m\u00e1s reca\u00eddas.","description":"La recuperaci\u00f3n de la construcci\u00f3n europea en 2014 no ser\u00e1 contundente pero tampoco se esperan m\u00e1s reca\u00eddas. Como cada a\u00f1o, Euroconstruct, el grupo independiente de an\u00e1lisis que se encarga de presentar informes sobre la situaci\u00f3n actual y futura de los mercados de la construcci\u00f3n relativos a la edificaci\u00f3n residencial, no residencial, rehabilitaci\u00f3n e ingenier\u00eda civil, ya ha celebrado su conferencia bianual.","robots":{"index":"index","follow":"follow","max-snippet":"max-snippet:-1","max-image-preview":"max-image-preview:large","max-video-preview":"max-video-preview:-1"},"og_locale":"es_ES","og_type":"article","og_title":"La recuperaci\u00f3n de la construcci\u00f3n europea en 2014 no ser\u00e1 contundente pero tampoco se esperan m\u00e1s reca\u00eddas.","og_description":"La recuperaci\u00f3n de la construcci\u00f3n europea en 2014 no ser\u00e1 contundente pero tampoco se esperan m\u00e1s reca\u00eddas. Como cada a\u00f1o, Euroconstruct, el grupo independiente de an\u00e1lisis que se encarga de presentar informes sobre la situaci\u00f3n actual y futura de los mercados de la construcci\u00f3n relativos a la edificaci\u00f3n residencial, no residencial, rehabilitaci\u00f3n e ingenier\u00eda civil, ya ha celebrado su conferencia bianual.","og_url":"https:\/\/www.rubi.com\/es\/blog\/la-recuperacion-de-la-construccion-europea-en-2014-no-sera-contundente-pero-tampoco-se-esperan-mas-recaidas\/","og_site_name":"RUBI Blog ES","article_publisher":"https:\/\/www.instagram.com\/rubitools\/","article_author":"https:\/\/www.facebook.com\/quimrubitools\/?locale=es_ES","article_published_time":"2013-12-24T11:30:49+00:00","article_modified_time":"2025-12-04T16:07:10+00:00","og_image":[{"width":1031,"height":576,"url":"https:\/\/www.rubi.com\/es\/blog\/wp-content\/uploads\/2021\/05\/70910-espatula-inox-40-mm-1-m-rubi.jpg","type":"image\/jpeg"}],"author":"Berta","twitter_card":"summary_large_image","twitter_creator":"@RubiTools_Es","twitter_site":"@RubiTools_Es","twitter_misc":{"Escrito por":"Berta","Tiempo de lectura":"4 minutos"},"schema":{"@context":"https:\/\/schema.org","@graph":[{"@type":"WebPage","@id":"https:\/\/www.rubi.com\/es\/blog\/la-recuperacion-de-la-construccion-europea-en-2014-no-sera-contundente-pero-tampoco-se-esperan-mas-recaidas\/","url":"https:\/\/www.rubi.com\/es\/blog\/la-recuperacion-de-la-construccion-europea-en-2014-no-sera-contundente-pero-tampoco-se-esperan-mas-recaidas\/","name":"La recuperaci\u00f3n de la construcci\u00f3n europea en 2014 no ser\u00e1 contundente pero tampoco se esperan m\u00e1s reca\u00eddas.","isPartOf":{"@id":"https:\/\/www.rubi.com\/es\/#website"},"primaryImageOfPage":{"@id":"https:\/\/www.rubi.com\/es\/blog\/la-recuperacion-de-la-construccion-europea-en-2014-no-sera-contundente-pero-tampoco-se-esperan-mas-recaidas\/#primaryimage"},"image":{"@id":"https:\/\/www.rubi.com\/es\/blog\/la-recuperacion-de-la-construccion-europea-en-2014-no-sera-contundente-pero-tampoco-se-esperan-mas-recaidas\/#primaryimage"},"thumbnailUrl":"https:\/\/www.rubi.com\/es\/blog\/wp-content\/uploads\/2021\/05\/70910-espatula-inox-40-mm-1-m-rubi.jpg","datePublished":"2013-12-24T11:30:49+00:00","dateModified":"2025-12-04T16:07:10+00:00","description":"La recuperaci\u00f3n de la construcci\u00f3n europea en 2014 no ser\u00e1 contundente pero tampoco se esperan m\u00e1s reca\u00eddas. Como cada a\u00f1o, Euroconstruct, el grupo independiente de an\u00e1lisis que se encarga de presentar informes sobre la situaci\u00f3n actual y futura de los mercados de la construcci\u00f3n relativos a la edificaci\u00f3n residencial, no residencial, rehabilitaci\u00f3n e ingenier\u00eda civil, ya ha celebrado su conferencia bianual.","breadcrumb":{"@id":"https:\/\/www.rubi.com\/es\/blog\/la-recuperacion-de-la-construccion-europea-en-2014-no-sera-contundente-pero-tampoco-se-esperan-mas-recaidas\/#breadcrumb"},"inLanguage":"es","potentialAction":[{"@type":"ReadAction","target":["https:\/\/www.rubi.com\/es\/blog\/la-recuperacion-de-la-construccion-europea-en-2014-no-sera-contundente-pero-tampoco-se-esperan-mas-recaidas\/"]}]},{"@type":"ImageObject","inLanguage":"es","@id":"https:\/\/www.rubi.com\/es\/blog\/la-recuperacion-de-la-construccion-europea-en-2014-no-sera-contundente-pero-tampoco-se-esperan-mas-recaidas\/#primaryimage","url":"https:\/\/www.rubi.com\/es\/blog\/wp-content\/uploads\/2021\/05\/70910-espatula-inox-40-mm-1-m-rubi.jpg","contentUrl":"https:\/\/www.rubi.com\/es\/blog\/wp-content\/uploads\/2021\/05\/70910-espatula-inox-40-mm-1-m-rubi.jpg","width":1031,"height":576,"caption":"how to remove tile from wall"},{"@type":"BreadcrumbList","@id":"https:\/\/www.rubi.com\/es\/blog\/la-recuperacion-de-la-construccion-europea-en-2014-no-sera-contundente-pero-tampoco-se-esperan-mas-recaidas\/#breadcrumb","itemListElement":[{"@type":"ListItem","position":1,"name":"Home","item":"https:\/\/www.rubi.com\/es\/"},{"@type":"ListItem","position":2,"name":"La recuperaci\u00f3n de la construcci\u00f3n europea en 2014 no ser\u00e1 contundente pero tampoco se esperan m\u00e1s reca\u00eddas"}]},{"@type":"WebSite","@id":"https:\/\/www.rubi.com\/es\/#website","url":"https:\/\/www.rubi.com\/es\/","name":"RUBI Blog ES","description":"","publisher":{"@id":"https:\/\/www.rubi.com\/es\/#organization"},"potentialAction":[{"@type":"SearchAction","target":{"@type":"EntryPoint","urlTemplate":"https:\/\/www.rubi.com\/es\/?s={search_term_string}"},"query-input":{"@type":"PropertyValueSpecification","valueRequired":true,"valueName":"search_term_string"}}],"inLanguage":"es"},{"@type":"Organization","@id":"https:\/\/www.rubi.com\/es\/#organization","name":"RUBI Tools Espa\u00f1a Fran\u00e7ais","url":"https:\/\/www.rubi.com\/es\/","logo":{"@type":"ImageObject","inLanguage":"es","@id":"https:\/\/www.rubi.com\/es\/#\/schema\/logo\/image\/","url":"https:\/\/www.rubi.com\/fr\/blog\/wp-content\/uploads\/2021\/09\/rubi-logo-new.png","contentUrl":"https:\/\/www.rubi.com\/fr\/blog\/wp-content\/uploads\/2021\/09\/rubi-logo-new.png","width":300,"height":300,"caption":"RUBI Tools Espa\u00f1a Fran\u00e7ais"},"image":{"@id":"https:\/\/www.rubi.com\/es\/#\/schema\/logo\/image\/"},"sameAs":["https:\/\/www.instagram.com\/rubitools\/","https:\/\/x.com\/RubiTools_Es","https:\/\/www.linkedin.com\/company\/rubi-group\/","https:\/\/www.youtube.com\/c\/ClubRubi"]}]}},"_links":{"self":[{"href":"https:\/\/www.rubi.com\/es\/blog\/wp-json\/wp\/v2\/posts\/1489","targetHints":{"allow":["GET"]}}],"collection":[{"href":"https:\/\/www.rubi.com\/es\/blog\/wp-json\/wp\/v2\/posts"}],"about":[{"href":"https:\/\/www.rubi.com\/es\/blog\/wp-json\/wp\/v2\/types\/post"}],"author":[{"embeddable":true,"href":"https:\/\/www.rubi.com\/es\/blog\/wp-json\/wp\/v2\/users\/53"}],"replies":[{"embeddable":true,"href":"https:\/\/www.rubi.com\/es\/blog\/wp-json\/wp\/v2\/comments?post=1489"}],"version-history":[{"count":0,"href":"https:\/\/www.rubi.com\/es\/blog\/wp-json\/wp\/v2\/posts\/1489\/revisions"}],"wp:featuredmedia":[{"embeddable":true,"href":"https:\/\/www.rubi.com\/es\/blog\/wp-json\/wp\/v2\/media\/1491"}],"wp:attachment":[{"href":"https:\/\/www.rubi.com\/es\/blog\/wp-json\/wp\/v2\/media?parent=1489"}],"wp:term":[{"taxonomy":"category","embeddable":true,"href":"https:\/\/www.rubi.com\/es\/blog\/wp-json\/wp\/v2\/categories?post=1489"},{"taxonomy":"post_tag","embeddable":true,"href":"https:\/\/www.rubi.com\/es\/blog\/wp-json\/wp\/v2\/tags?post=1489"}],"curies":[{"name":"wp","href":"https:\/\/api.w.org\/{rel}","templated":true}]}}