{"id":1606,"date":"2014-01-31T10:38:57","date_gmt":"2014-01-31T10:38:57","guid":{"rendered":"https:\/\/www.rubi.com\/es\/blog\/?p=1606"},"modified":"2025-12-04T17:37:15","modified_gmt":"2025-12-04T15:37:15","slug":"crecen-las-ventas-en-el-sector-de-ferreteria-y-bricolaje","status":"publish","type":"post","link":"https:\/\/www.rubi.com\/es\/blog\/crecen-las-ventas-en-el-sector-de-ferreteria-y-bricolaje\/","title":{"rendered":"Crecen las ventas en el sector de ferreter\u00eda y bricolaje"},"content":{"rendered":"<blockquote><p>Crecen las ventas en el sector de ferreter\u00eda y bricolaje. Ante la actual coyuntura econ\u00f3mica, el sector de ferreter\u00eda y bricolaje apunta los primeros signos de recuperaci\u00f3n. Seg\u00fan los informes trimestrales que elabora conjuntamente Aecoc (asociaci\u00f3n de empresas de gran consumo) y Afeb (asociaci\u00f3n de fabricantes de ferreter\u00eda y bricolaje), el tercer trimestre de 2013 muestra unos datos positivos \u2014crecen casi un 3% las ventas en el sector\u2014 consolidando la mejora que empez\u00f3 a verse en el 2\u00ba trimestre, respecto a los malos datos con los que comenz\u00f3 el a\u00f1o.<\/p>\n<p>La recuperaci\u00f3n se ha notado especialmente a partir del mes de julio y, aunque la situaci\u00f3n empeora en el terreno industrial \u2014vinculada a los proyectos de infraestructuras y obras p\u00fablicas\u2014, el mercado del consumidor final indica una tendencia positiva, que podr\u00eda mantenerse en 2014. Las reformas del hogar han ayudado a paliar la ca\u00edda que supuso tambi\u00e9n la subida del IVA el pasado mes de setiembre.<\/p>\n<p>Crece especialmente la venta en el canal moderno \u2013grandes centros de distribuci\u00f3n de productos de ferreter\u00eda y bricolaje- con un incremento de algo m\u00e1s del 3%, asimismo tambi\u00e9n repunta el canal tradicional en m\u00e1s de un 1%.<\/p>\n<p>Ante muchos meses de ca\u00edda del consumo en el sector, los 9 primeros meses del a\u00f1o acumulan un crecimiento medio del 0,6%, donde el canal moderno saldr\u00eda mejor parado que el tradicional que todav\u00eda no consigue crecer. En este resultado puede haber contribu\u00eddo el mayor esfuerzo por parte de las empresas en identificar las nuevas tendencias y oportunidades que brinda el mercado ante un nuevo consumidor. Aecoc y Afeb elaboran cada trimestre un informe de coyuntura para analizar el sector y localizar las oportunidades que brinda la nueva situaci\u00f3n econ\u00f3mica y social.<\/p>\n<p>Fuente: Interempresas Ferreter\u00eda<br \/>\n29 noviembre 2013<\/p><\/blockquote>\n","protected":false},"excerpt":{"rendered":"<p>Crecen las ventas en el sector de ferreter\u00eda y bricolaje. Ante la actual coyuntura econ\u00f3mica, el sector de ferreter\u00eda y bricolaje apunta los primeros signos de recuperaci\u00f3n. Seg\u00fan los informes trimestrales que elabora conjuntamente Aecoc (asociaci\u00f3n de empresas de gran consumo) y Afeb (asociaci\u00f3n de fabricantes de ferreter\u00eda y bricolaje), el tercer trimestre de 2013 &hellip; <a href=\"https:\/\/www.rubi.com\/es\/blog\/crecen-las-ventas-en-el-sector-de-ferreteria-y-bricolaje\/\">Continued<\/a><\/p>\n","protected":false},"author":53,"featured_media":1607,"comment_status":"open","ping_status":"closed","sticky":false,"template":"","format":"standard","meta":{"_acf_changed":false,"content-type":"","footnotes":""},"categories":[122],"tags":[],"class_list":["post-1606","post","type-post","status-publish","format-standard","has-post-thumbnail","hentry","category-noticias-sobre-el-mundo-de-la-colocacion"],"acf":[],"yoast_head":"<!-- This site is optimized with the Yoast SEO plugin v27.4 - https:\/\/yoast.com\/product\/yoast-seo-wordpress\/ -->\n<title>Crecen las ventas en el sector de ferreter\u00eda y bricolaje.<\/title>\n<meta name=\"description\" content=\"Crecen las ventas en el sector de ferreter\u00eda y bricolaje. Ante la actual coyuntura econ\u00f3mica, el sector de ferreter\u00eda y bricolaje apunta los primeros signos de recuperaci\u00f3n.\" \/>\n<meta name=\"robots\" content=\"index, follow, max-snippet:-1, max-image-preview:large, max-video-preview:-1\" \/>\n<meta property=\"og:locale\" content=\"es_ES\" \/>\n<meta property=\"og:type\" content=\"article\" \/>\n<meta property=\"og:title\" content=\"Crecen las ventas en el sector de ferreter\u00eda y bricolaje.\" \/>\n<meta property=\"og:description\" content=\"Crecen las ventas en el sector de ferreter\u00eda y bricolaje. Ante la actual coyuntura econ\u00f3mica, el sector de ferreter\u00eda y bricolaje apunta los primeros signos de recuperaci\u00f3n.\" \/>\n<meta property=\"og:url\" content=\"https:\/\/www.rubi.com\/es\/blog\/crecen-las-ventas-en-el-sector-de-ferreteria-y-bricolaje\/\" \/>\n<meta property=\"og:site_name\" content=\"RUBI Blog ES\" \/>\n<meta property=\"article:publisher\" content=\"https:\/\/www.instagram.com\/rubitools\/\" \/>\n<meta property=\"article:author\" content=\"https:\/\/www.facebook.com\/quimrubitools\/?locale=es_ES\" \/>\n<meta property=\"article:published_time\" content=\"2014-01-31T10:38:57+00:00\" \/>\n<meta property=\"article:modified_time\" content=\"2025-12-04T15:37:15+00:00\" \/>\n<meta property=\"og:image\" content=\"https:\/\/www.rubi.com\/es\/blog\/wp-content\/uploads\/2019\/09\/TQ_voor-en-zijaanslag-scaled.jpg\" \/>\n\t<meta property=\"og:image:width\" content=\"2560\" \/>\n\t<meta property=\"og:image:height\" content=\"1336\" \/>\n\t<meta property=\"og:image:type\" content=\"image\/jpeg\" \/>\n<meta name=\"author\" content=\"Berta\" \/>\n<meta name=\"twitter:card\" content=\"summary_large_image\" \/>\n<meta name=\"twitter:creator\" content=\"@RubiTools_Es\" \/>\n<meta name=\"twitter:site\" content=\"@RubiTools_Es\" \/>\n<meta name=\"twitter:label1\" content=\"Escrito por\" \/>\n\t<meta name=\"twitter:data1\" content=\"Berta\" \/>\n\t<meta name=\"twitter:label2\" content=\"Tiempo de lectura\" \/>\n\t<meta name=\"twitter:data2\" content=\"2 minutos\" \/>\n<!-- \/ Yoast SEO plugin. -->","yoast_head_json":{"title":"Crecen las ventas en el sector de ferreter\u00eda y bricolaje.","description":"Crecen las ventas en el sector de ferreter\u00eda y bricolaje. Ante la actual coyuntura econ\u00f3mica, el sector de ferreter\u00eda y bricolaje apunta los primeros signos de recuperaci\u00f3n.","robots":{"index":"index","follow":"follow","max-snippet":"max-snippet:-1","max-image-preview":"max-image-preview:large","max-video-preview":"max-video-preview:-1"},"og_locale":"es_ES","og_type":"article","og_title":"Crecen las ventas en el sector de ferreter\u00eda y bricolaje.","og_description":"Crecen las ventas en el sector de ferreter\u00eda y bricolaje. Ante la actual coyuntura econ\u00f3mica, el sector de ferreter\u00eda y bricolaje apunta los primeros signos de recuperaci\u00f3n.","og_url":"https:\/\/www.rubi.com\/es\/blog\/crecen-las-ventas-en-el-sector-de-ferreteria-y-bricolaje\/","og_site_name":"RUBI Blog ES","article_publisher":"https:\/\/www.instagram.com\/rubitools\/","article_author":"https:\/\/www.facebook.com\/quimrubitools\/?locale=es_ES","article_published_time":"2014-01-31T10:38:57+00:00","article_modified_time":"2025-12-04T15:37:15+00:00","og_image":[{"width":2560,"height":1336,"url":"https:\/\/www.rubi.com\/es\/blog\/wp-content\/uploads\/2019\/09\/TQ_voor-en-zijaanslag-scaled.jpg","type":"image\/jpeg"}],"author":"Berta","twitter_card":"summary_large_image","twitter_creator":"@RubiTools_Es","twitter_site":"@RubiTools_Es","twitter_misc":{"Escrito por":"Berta","Tiempo de lectura":"2 minutos"},"schema":{"@context":"https:\/\/schema.org","@graph":[{"@type":"WebPage","@id":"https:\/\/www.rubi.com\/es\/blog\/crecen-las-ventas-en-el-sector-de-ferreteria-y-bricolaje\/","url":"https:\/\/www.rubi.com\/es\/blog\/crecen-las-ventas-en-el-sector-de-ferreteria-y-bricolaje\/","name":"Crecen las ventas en el sector de ferreter\u00eda y bricolaje.","isPartOf":{"@id":"https:\/\/www.rubi.com\/es\/#website"},"primaryImageOfPage":{"@id":"https:\/\/www.rubi.com\/es\/blog\/crecen-las-ventas-en-el-sector-de-ferreteria-y-bricolaje\/#primaryimage"},"image":{"@id":"https:\/\/www.rubi.com\/es\/blog\/crecen-las-ventas-en-el-sector-de-ferreteria-y-bricolaje\/#primaryimage"},"thumbnailUrl":"https:\/\/www.rubi.com\/es\/blog\/wp-content\/uploads\/2019\/09\/TQ_voor-en-zijaanslag-scaled.jpg","datePublished":"2014-01-31T10:38:57+00:00","dateModified":"2025-12-04T15:37:15+00:00","description":"Crecen las ventas en el sector de ferreter\u00eda y bricolaje. Ante la actual coyuntura econ\u00f3mica, el sector de ferreter\u00eda y bricolaje apunta los primeros signos de recuperaci\u00f3n.","breadcrumb":{"@id":"https:\/\/www.rubi.com\/es\/blog\/crecen-las-ventas-en-el-sector-de-ferreteria-y-bricolaje\/#breadcrumb"},"inLanguage":"es","potentialAction":[{"@type":"ReadAction","target":["https:\/\/www.rubi.com\/es\/blog\/crecen-las-ventas-en-el-sector-de-ferreteria-y-bricolaje\/"]}]},{"@type":"ImageObject","inLanguage":"es","@id":"https:\/\/www.rubi.com\/es\/blog\/crecen-las-ventas-en-el-sector-de-ferreteria-y-bricolaje\/#primaryimage","url":"https:\/\/www.rubi.com\/es\/blog\/wp-content\/uploads\/2019\/09\/TQ_voor-en-zijaanslag-scaled.jpg","contentUrl":"https:\/\/www.rubi.com\/es\/blog\/wp-content\/uploads\/2019\/09\/TQ_voor-en-zijaanslag-scaled.jpg","width":2560,"height":1336,"caption":"Stabiele voor- en zijaanslag"},{"@type":"BreadcrumbList","@id":"https:\/\/www.rubi.com\/es\/blog\/crecen-las-ventas-en-el-sector-de-ferreteria-y-bricolaje\/#breadcrumb","itemListElement":[{"@type":"ListItem","position":1,"name":"Home","item":"https:\/\/www.rubi.com\/es\/"},{"@type":"ListItem","position":2,"name":"Crecen las ventas en el sector de ferreter\u00eda y bricolaje"}]},{"@type":"WebSite","@id":"https:\/\/www.rubi.com\/es\/#website","url":"https:\/\/www.rubi.com\/es\/","name":"RUBI Blog ES","description":"","publisher":{"@id":"https:\/\/www.rubi.com\/es\/#organization"},"potentialAction":[{"@type":"SearchAction","target":{"@type":"EntryPoint","urlTemplate":"https:\/\/www.rubi.com\/es\/?s={search_term_string}"},"query-input":{"@type":"PropertyValueSpecification","valueRequired":true,"valueName":"search_term_string"}}],"inLanguage":"es"},{"@type":"Organization","@id":"https:\/\/www.rubi.com\/es\/#organization","name":"RUBI Tools Espa\u00f1a Fran\u00e7ais","url":"https:\/\/www.rubi.com\/es\/","logo":{"@type":"ImageObject","inLanguage":"es","@id":"https:\/\/www.rubi.com\/es\/#\/schema\/logo\/image\/","url":"https:\/\/www.rubi.com\/fr\/blog\/wp-content\/uploads\/2021\/09\/rubi-logo-new.png","contentUrl":"https:\/\/www.rubi.com\/fr\/blog\/wp-content\/uploads\/2021\/09\/rubi-logo-new.png","width":300,"height":300,"caption":"RUBI Tools Espa\u00f1a Fran\u00e7ais"},"image":{"@id":"https:\/\/www.rubi.com\/es\/#\/schema\/logo\/image\/"},"sameAs":["https:\/\/www.instagram.com\/rubitools\/","https:\/\/x.com\/RubiTools_Es","https:\/\/www.linkedin.com\/company\/rubi-group\/","https:\/\/www.youtube.com\/c\/ClubRubi"]}]}},"_links":{"self":[{"href":"https:\/\/www.rubi.com\/es\/blog\/wp-json\/wp\/v2\/posts\/1606","targetHints":{"allow":["GET"]}}],"collection":[{"href":"https:\/\/www.rubi.com\/es\/blog\/wp-json\/wp\/v2\/posts"}],"about":[{"href":"https:\/\/www.rubi.com\/es\/blog\/wp-json\/wp\/v2\/types\/post"}],"author":[{"embeddable":true,"href":"https:\/\/www.rubi.com\/es\/blog\/wp-json\/wp\/v2\/users\/53"}],"replies":[{"embeddable":true,"href":"https:\/\/www.rubi.com\/es\/blog\/wp-json\/wp\/v2\/comments?post=1606"}],"version-history":[{"count":-1,"href":"https:\/\/www.rubi.com\/es\/blog\/wp-json\/wp\/v2\/posts\/1606\/revisions"}],"wp:featuredmedia":[{"embeddable":true,"href":"https:\/\/www.rubi.com\/es\/blog\/wp-json\/wp\/v2\/media\/1607"}],"wp:attachment":[{"href":"https:\/\/www.rubi.com\/es\/blog\/wp-json\/wp\/v2\/media?parent=1606"}],"wp:term":[{"taxonomy":"category","embeddable":true,"href":"https:\/\/www.rubi.com\/es\/blog\/wp-json\/wp\/v2\/categories?post=1606"},{"taxonomy":"post_tag","embeddable":true,"href":"https:\/\/www.rubi.com\/es\/blog\/wp-json\/wp\/v2\/tags?post=1606"}],"curies":[{"name":"wp","href":"https:\/\/api.w.org\/{rel}","templated":true}]}}