{"id":1720,"date":"2014-04-14T08:19:09","date_gmt":"2014-04-14T08:19:09","guid":{"rendered":"https:\/\/www.rubi.com\/es\/blog\/?p=1717"},"modified":"2014-04-14T08:19:09","modified_gmt":"2014-04-14T08:19:09","slug":"las-novedades-de-rubi-llaman-la-atencion-en-la-feria-profer-2014","status":"publish","type":"post","link":"https:\/\/www.rubi.com\/es\/blog\/las-novedades-de-rubi-llaman-la-atencion-en-la-feria-profer-2014\/","title":{"rendered":"Las novedades de RUBI llaman la atenci\u00f3n en la feria Profer 2014"},"content":{"rendered":"<p><em>RUBI ha estado presente en la feria Profer 2014 de Tenerife con sus novedades en las gamas de corte manual, el\u00e9ctrico y mantenimiento de la cer\u00e1mica<\/em><\/p>\n<p>Las novedades en el cat\u00e1logo de RUBI llamaron poderosamente la atenci\u00f3n en la primera edici\u00f3n de la feria Profer 2014, que se celebr\u00f3 en Tenerife los d\u00edas 27 y 28 de marzo en el Centro Internacional de Ferias y Eventos de la capital insular.<\/p>\n<p>Centenares de visitantes que acudieron a este evento privado, principalmente comerciales y empresas del sector de la ferreter\u00eda y la construcci\u00f3n, pudieron tomar contacto con los nuevos productos de RUBI, dentro de las gamas de corte el\u00e9ctrico y manual, como las cortadoras RUBI TS Y TS\/75. Los productos de mantenimiento de la cer\u00e1mica tambi\u00e9n fueron novedades que se dieron a conocer en esta feria Profer 2014, con muy buena acogida.<\/p>\n<p>Tras dos a\u00f1os de intensa labor de innovaci\u00f3n y desarrollo, RUBI se encuentra en plena fase de presentaci\u00f3n de sus nuevos productos. Y prueba de ello es la presencia de la compa\u00f1\u00eda en diferentes ferias durante estas fechas: adem\u00e1s de este evento de Tenerife, el SMOPYC 2014 de Zaragoza y el Expocadena 2014 de Valencia han sido citas ineludibles para RUBI.<\/p>\n<p><iframe src=\"\/\/www.youtube.com\/embed\/_cM8xCxSfcc\" height=\"315\" width=\"560\" allowfullscreen=\"\" frameborder=\"0\"><\/iframe><\/p>\n<p><b>Feria Profer 2014: un nacimiento esperanzador<\/b><\/p>\n<p>La feria Profer 2014 ha sido un nacimiento esperanzador en el sector, lo que supone una muestra de la tendencia optimista y de crecimiento que se atisba para el futuro. Este evento surgi\u00f3 gracias al esfuerzo conjunto de las cooperativas de ferreter\u00eda de Canarias (Coarco) y Zaragoza (Coferdroza), que agrupan a m\u00e1s de 500 ferreter\u00edas entre ambas y que se reparten por toda la geograf\u00eda nacional.<\/p>\n<p>RUBI quiso apoyar esta gran iniciativa y no falt\u00f3 a un evento que se marc\u00f3 tres grandes objetivos en este primer a\u00f1o: servir de punto de encuentro entre proveedores y socios, promover las compras con descuentos especiales para los asistentes y consolidar la imagen de esta nueva asociaci\u00f3n.<\/p>\n","protected":false},"excerpt":{"rendered":"<p>RUBI ha estado presente en la feria Profer 2014 de Tenerife con sus novedades en las gamas de corte manual, el\u00e9ctrico y mantenimiento de la cer\u00e1mica Las novedades en el cat\u00e1logo de RUBI llamaron poderosamente la atenci\u00f3n en la primera edici\u00f3n de la feria Profer 2014, que se celebr\u00f3 en Tenerife los d\u00edas 27 y &hellip; <a href=\"https:\/\/www.rubi.com\/es\/blog\/las-novedades-de-rubi-llaman-la-atencion-en-la-feria-profer-2014\/\">Continued<\/a><\/p>\n","protected":false},"author":53,"featured_media":1721,"comment_status":"open","ping_status":"closed","sticky":false,"template":"","format":"standard","meta":{"_acf_changed":false,"content-type":"","footnotes":""},"categories":[122],"tags":[],"class_list":["post-1720","post","type-post","status-publish","format-standard","has-post-thumbnail","hentry","category-noticias-sobre-el-mundo-de-la-colocacion"],"acf":[],"yoast_head":"<!-- This site is optimized with the Yoast SEO plugin v27.4 - https:\/\/yoast.com\/product\/yoast-seo-wordpress\/ -->\n<title>Las novedades de RUBI llaman la atenci\u00f3n en la feria Profer 2014 &#8211; RUBI Blog ES<\/title>\n<meta name=\"description\" content=\"RUBI ha estado presente en la feria Profer 2014 de Tenerife con sus novedades en las gamas de corte manual, el\u00e9ctrico y mantenimiento de la cer\u00e1mic\" \/>\n<meta name=\"robots\" content=\"index, follow, max-snippet:-1, max-image-preview:large, max-video-preview:-1\" \/>\n<meta property=\"og:locale\" content=\"es_ES\" \/>\n<meta property=\"og:type\" content=\"article\" \/>\n<meta property=\"og:title\" content=\"Las novedades de RUBI llaman la atenci\u00f3n en la feria Profer 2014 &#8211; RUBI Blog ES\" \/>\n<meta property=\"og:description\" content=\"RUBI ha estado presente en la feria Profer 2014 de Tenerife con sus novedades en las gamas de corte manual, el\u00e9ctrico y mantenimiento de la cer\u00e1mic\" \/>\n<meta property=\"og:url\" content=\"https:\/\/www.rubi.com\/es\/blog\/las-novedades-de-rubi-llaman-la-atencion-en-la-feria-profer-2014\/\" \/>\n<meta property=\"og:site_name\" content=\"RUBI Blog ES\" \/>\n<meta property=\"article:publisher\" content=\"https:\/\/www.instagram.com\/rubitools\/\" \/>\n<meta property=\"article:author\" content=\"https:\/\/www.facebook.com\/quimrubitools\/?locale=es_ES\" \/>\n<meta property=\"article:published_time\" content=\"2014-04-14T08:19:09+00:00\" \/>\n<meta name=\"author\" content=\"Berta\" \/>\n<meta name=\"twitter:card\" content=\"summary_large_image\" \/>\n<meta name=\"twitter:creator\" content=\"@RubiTools_Es\" \/>\n<meta name=\"twitter:site\" content=\"@RubiTools_Es\" \/>\n<meta name=\"twitter:label1\" content=\"Escrito por\" \/>\n\t<meta name=\"twitter:data1\" content=\"Berta\" \/>\n\t<meta name=\"twitter:label2\" content=\"Tiempo de lectura\" \/>\n\t<meta name=\"twitter:data2\" content=\"2 minutos\" \/>\n<!-- \/ Yoast SEO plugin. -->","yoast_head_json":{"title":"Las novedades de RUBI llaman la atenci\u00f3n en la feria Profer 2014 &#8211; RUBI Blog ES","description":"RUBI ha estado presente en la feria Profer 2014 de Tenerife con sus novedades en las gamas de corte manual, el\u00e9ctrico y mantenimiento de la cer\u00e1mic","robots":{"index":"index","follow":"follow","max-snippet":"max-snippet:-1","max-image-preview":"max-image-preview:large","max-video-preview":"max-video-preview:-1"},"og_locale":"es_ES","og_type":"article","og_title":"Las novedades de RUBI llaman la atenci\u00f3n en la feria Profer 2014 &#8211; RUBI Blog ES","og_description":"RUBI ha estado presente en la feria Profer 2014 de Tenerife con sus novedades en las gamas de corte manual, el\u00e9ctrico y mantenimiento de la cer\u00e1mic","og_url":"https:\/\/www.rubi.com\/es\/blog\/las-novedades-de-rubi-llaman-la-atencion-en-la-feria-profer-2014\/","og_site_name":"RUBI Blog ES","article_publisher":"https:\/\/www.instagram.com\/rubitools\/","article_author":"https:\/\/www.facebook.com\/quimrubitools\/?locale=es_ES","article_published_time":"2014-04-14T08:19:09+00:00","author":"Berta","twitter_card":"summary_large_image","twitter_creator":"@RubiTools_Es","twitter_site":"@RubiTools_Es","twitter_misc":{"Escrito por":"Berta","Tiempo de lectura":"2 minutos"},"schema":{"@context":"https:\/\/schema.org","@graph":[{"@type":"WebPage","@id":"https:\/\/www.rubi.com\/es\/blog\/las-novedades-de-rubi-llaman-la-atencion-en-la-feria-profer-2014\/","url":"https:\/\/www.rubi.com\/es\/blog\/las-novedades-de-rubi-llaman-la-atencion-en-la-feria-profer-2014\/","name":"Las novedades de RUBI llaman la atenci\u00f3n en la feria Profer 2014 &#8211; RUBI Blog ES","isPartOf":{"@id":"https:\/\/www.rubi.com\/es\/#website"},"primaryImageOfPage":{"@id":"https:\/\/www.rubi.com\/es\/blog\/las-novedades-de-rubi-llaman-la-atencion-en-la-feria-profer-2014\/#primaryimage"},"image":{"@id":"https:\/\/www.rubi.com\/es\/blog\/las-novedades-de-rubi-llaman-la-atencion-en-la-feria-profer-2014\/#primaryimage"},"thumbnailUrl":"","datePublished":"2014-04-14T08:19:09+00:00","description":"RUBI ha estado presente en la feria Profer 2014 de Tenerife con sus novedades en las gamas de corte manual, el\u00e9ctrico y mantenimiento de la cer\u00e1mic","breadcrumb":{"@id":"https:\/\/www.rubi.com\/es\/blog\/las-novedades-de-rubi-llaman-la-atencion-en-la-feria-profer-2014\/#breadcrumb"},"inLanguage":"es","potentialAction":[{"@type":"ReadAction","target":["https:\/\/www.rubi.com\/es\/blog\/las-novedades-de-rubi-llaman-la-atencion-en-la-feria-profer-2014\/"]}]},{"@type":"ImageObject","inLanguage":"es","@id":"https:\/\/www.rubi.com\/es\/blog\/las-novedades-de-rubi-llaman-la-atencion-en-la-feria-profer-2014\/#primaryimage","url":"","contentUrl":""},{"@type":"BreadcrumbList","@id":"https:\/\/www.rubi.com\/es\/blog\/las-novedades-de-rubi-llaman-la-atencion-en-la-feria-profer-2014\/#breadcrumb","itemListElement":[{"@type":"ListItem","position":1,"name":"Home","item":"https:\/\/www.rubi.com\/es\/"},{"@type":"ListItem","position":2,"name":"Las novedades de RUBI llaman la atenci\u00f3n en la feria Profer 2014"}]},{"@type":"WebSite","@id":"https:\/\/www.rubi.com\/es\/#website","url":"https:\/\/www.rubi.com\/es\/","name":"RUBI Blog ES","description":"","publisher":{"@id":"https:\/\/www.rubi.com\/es\/#organization"},"potentialAction":[{"@type":"SearchAction","target":{"@type":"EntryPoint","urlTemplate":"https:\/\/www.rubi.com\/es\/?s={search_term_string}"},"query-input":{"@type":"PropertyValueSpecification","valueRequired":true,"valueName":"search_term_string"}}],"inLanguage":"es"},{"@type":"Organization","@id":"https:\/\/www.rubi.com\/es\/#organization","name":"RUBI Tools Espa\u00f1a Fran\u00e7ais","url":"https:\/\/www.rubi.com\/es\/","logo":{"@type":"ImageObject","inLanguage":"es","@id":"https:\/\/www.rubi.com\/es\/#\/schema\/logo\/image\/","url":"https:\/\/www.rubi.com\/fr\/blog\/wp-content\/uploads\/2021\/09\/rubi-logo-new.png","contentUrl":"https:\/\/www.rubi.com\/fr\/blog\/wp-content\/uploads\/2021\/09\/rubi-logo-new.png","width":300,"height":300,"caption":"RUBI Tools Espa\u00f1a Fran\u00e7ais"},"image":{"@id":"https:\/\/www.rubi.com\/es\/#\/schema\/logo\/image\/"},"sameAs":["https:\/\/www.instagram.com\/rubitools\/","https:\/\/x.com\/RubiTools_Es","https:\/\/www.linkedin.com\/company\/rubi-group\/","https:\/\/www.youtube.com\/c\/ClubRubi"]}]}},"_links":{"self":[{"href":"https:\/\/www.rubi.com\/es\/blog\/wp-json\/wp\/v2\/posts\/1720","targetHints":{"allow":["GET"]}}],"collection":[{"href":"https:\/\/www.rubi.com\/es\/blog\/wp-json\/wp\/v2\/posts"}],"about":[{"href":"https:\/\/www.rubi.com\/es\/blog\/wp-json\/wp\/v2\/types\/post"}],"author":[{"embeddable":true,"href":"https:\/\/www.rubi.com\/es\/blog\/wp-json\/wp\/v2\/users\/53"}],"replies":[{"embeddable":true,"href":"https:\/\/www.rubi.com\/es\/blog\/wp-json\/wp\/v2\/comments?post=1720"}],"version-history":[{"count":0,"href":"https:\/\/www.rubi.com\/es\/blog\/wp-json\/wp\/v2\/posts\/1720\/revisions"}],"wp:featuredmedia":[{"embeddable":true,"href":"https:\/\/www.rubi.com\/es\/blog\/wp-json\/"}],"wp:attachment":[{"href":"https:\/\/www.rubi.com\/es\/blog\/wp-json\/wp\/v2\/media?parent=1720"}],"wp:term":[{"taxonomy":"category","embeddable":true,"href":"https:\/\/www.rubi.com\/es\/blog\/wp-json\/wp\/v2\/categories?post=1720"},{"taxonomy":"post_tag","embeddable":true,"href":"https:\/\/www.rubi.com\/es\/blog\/wp-json\/wp\/v2\/tags?post=1720"}],"curies":[{"name":"wp","href":"https:\/\/api.w.org\/{rel}","templated":true}]}}