{"id":2545,"date":"2015-05-08T10:25:44","date_gmt":"2015-05-08T10:25:44","guid":{"rendered":"https:\/\/www.rubi.com\/es\/blog\/?p=2545"},"modified":"2025-12-04T17:45:33","modified_gmt":"2025-12-04T15:45:33","slug":"rubi-celebra-el-dia-de-tu-casa-regalando-herramientas","status":"publish","type":"post","link":"https:\/\/www.rubi.com\/es\/blog\/rubi-celebra-el-dia-de-tu-casa-regalando-herramientas\/","title":{"rendered":"RUBI celebra el D\u00eda de tu Casa regalando herramientas."},"content":{"rendered":"<p>Los pr\u00f3ximos 14, 15, 16 y 17 de Mayo, el sector de ferreter\u00eda y bricolaje \u00a0un a\u00f1o m\u00e1s ha organizado a trav\u00e9s de Aecoc el \u00a0evento \u00a0de el D\u00cdA DE TU CASA\u00a0en Espa\u00f1a.<\/p>\n<p>Este es un evento de relaci\u00f3n y comunicaci\u00f3n, invitando al comprador (profesional y particular) de ferreter\u00eda y bricolaje a descubrir todo lo que el sector le puede ofrecer.<\/p>\n<p>En <a href=\"http:\/\/www.rubi.com\/\" target=\"_blank\" rel=\"noopener noreferrer\">RUBI<\/a>\u00a0hemos decidido participar un a\u00f1o m\u00e1s en \u00a0la celebraci\u00f3n de este evento y queremos que lo celebres con nosotros.<\/p>\n<p>Compra nuestras herramientas <strong>RUBI<\/strong> durante el periodo de la campa\u00f1a \u00a0y participa en nuestras promociones. Podr\u00e1s conseguir <strong>REGALOS DIRECTOS \u00a1GRATIS!\u00a0<\/strong><\/p>\n<p>Como cliente nuestro podr\u00e1s acceder a \u00a0regalos directos en funci\u00f3n del importe de \u00a0la compra que realices en productos\u00a0<strong>RUBI<\/strong>\u00a0o bien \u00a0la posibilidad de participar en un sorteo.<\/p>\n<p>Unicamente tienes que cumplir los requisitos y\u00a0registrar tu compra, envi\u00e1ndonos imagen de la factura o ticket de compra, as\u00ed como de los productos que has comprado.\u00a0Para m\u00e1s informaci\u00f3n visita nuestra web:<a href=\"https:\/\/www.rubi.com\/promociones\/dia-de-tu-casa\/\" target=\"_blank\" rel=\"noopener noreferrer\">\u00a0RUBI celebra el D\u00eda de tu Casa<\/a><\/p>\n<p>Te invitamos a que participes con nosotros, \u00a1Feliz D\u00eda de tu Casa!<\/p>\n","protected":false},"excerpt":{"rendered":"<p>Los pr\u00f3ximos 14, 15, 16 y 17 de Mayo, el sector de ferreter\u00eda y bricolaje \u00a0un a\u00f1o m\u00e1s ha organizado a trav\u00e9s de Aecoc el \u00a0evento \u00a0de el D\u00cdA DE TU CASA\u00a0en Espa\u00f1a. Este es un evento de relaci\u00f3n y comunicaci\u00f3n, invitando al comprador (profesional y particular) de ferreter\u00eda y bricolaje a descubrir todo lo &hellip; <a href=\"https:\/\/www.rubi.com\/es\/blog\/rubi-celebra-el-dia-de-tu-casa-regalando-herramientas\/\">Continued<\/a><\/p>\n","protected":false},"author":53,"featured_media":2546,"comment_status":"open","ping_status":"closed","sticky":false,"template":"","format":"standard","meta":{"_acf_changed":false,"content-type":"","footnotes":""},"categories":[122],"tags":[],"class_list":["post-2545","post","type-post","status-publish","format-standard","has-post-thumbnail","hentry","category-noticias-sobre-el-mundo-de-la-colocacion"],"acf":[],"yoast_head":"<!-- This site is optimized with the Yoast SEO plugin v27.4 - https:\/\/yoast.com\/product\/yoast-seo-wordpress\/ -->\n<title>RUBI celebra el D\u00eda de tu Casa - Mundo Colocador<\/title>\n<meta name=\"description\" content=\"Los pr\u00f3ximos 14, 15, 16 y 17 de Mayo, el sector de ferreter\u00eda y bricolaje un a\u00f1o m\u00e1s ha organizado a trav\u00e9s de Aecoc el evento de el D\u00cdA DE TU CASA.\" \/>\n<meta name=\"robots\" content=\"index, follow, max-snippet:-1, max-image-preview:large, max-video-preview:-1\" \/>\n<meta property=\"og:locale\" content=\"es_ES\" \/>\n<meta property=\"og:type\" content=\"article\" \/>\n<meta property=\"og:title\" content=\"RUBI celebra el D\u00eda de tu Casa - Mundo Colocador\" \/>\n<meta property=\"og:description\" content=\"Los pr\u00f3ximos 14, 15, 16 y 17 de Mayo, el sector de ferreter\u00eda y bricolaje un a\u00f1o m\u00e1s ha organizado a trav\u00e9s de Aecoc el evento de el D\u00cdA DE TU CASA.\" \/>\n<meta property=\"og:url\" content=\"https:\/\/www.rubi.com\/es\/blog\/rubi-celebra-el-dia-de-tu-casa-regalando-herramientas\/\" \/>\n<meta property=\"og:site_name\" content=\"RUBI Blog ES\" \/>\n<meta property=\"article:publisher\" content=\"https:\/\/www.instagram.com\/rubitools\/\" \/>\n<meta property=\"article:author\" content=\"https:\/\/www.facebook.com\/quimrubitools\/?locale=es_ES\" \/>\n<meta property=\"article:published_time\" content=\"2015-05-08T10:25:44+00:00\" \/>\n<meta property=\"article:modified_time\" content=\"2025-12-04T15:45:33+00:00\" \/>\n<meta property=\"og:image\" content=\"https:\/\/www.rubi.com\/es\/blog\/wp-content\/uploads\/2015\/05\/diadetucasa1.png\" \/>\n\t<meta property=\"og:image:width\" content=\"1321\" \/>\n\t<meta property=\"og:image:height\" content=\"688\" \/>\n\t<meta property=\"og:image:type\" content=\"image\/png\" \/>\n<meta name=\"author\" content=\"Berta\" \/>\n<meta name=\"twitter:card\" content=\"summary_large_image\" \/>\n<meta name=\"twitter:creator\" content=\"@RubiTools_Es\" \/>\n<meta name=\"twitter:site\" content=\"@RubiTools_Es\" \/>\n<meta name=\"twitter:label1\" content=\"Escrito por\" \/>\n\t<meta name=\"twitter:data1\" content=\"Berta\" \/>\n\t<meta name=\"twitter:label2\" content=\"Tiempo de lectura\" \/>\n\t<meta name=\"twitter:data2\" content=\"1 minuto\" \/>\n<!-- \/ Yoast SEO plugin. -->","yoast_head_json":{"title":"RUBI celebra el D\u00eda de tu Casa - Mundo Colocador","description":"Los pr\u00f3ximos 14, 15, 16 y 17 de Mayo, el sector de ferreter\u00eda y bricolaje un a\u00f1o m\u00e1s ha organizado a trav\u00e9s de Aecoc el evento de el D\u00cdA DE TU CASA.","robots":{"index":"index","follow":"follow","max-snippet":"max-snippet:-1","max-image-preview":"max-image-preview:large","max-video-preview":"max-video-preview:-1"},"og_locale":"es_ES","og_type":"article","og_title":"RUBI celebra el D\u00eda de tu Casa - Mundo Colocador","og_description":"Los pr\u00f3ximos 14, 15, 16 y 17 de Mayo, el sector de ferreter\u00eda y bricolaje un a\u00f1o m\u00e1s ha organizado a trav\u00e9s de Aecoc el evento de el D\u00cdA DE TU CASA.","og_url":"https:\/\/www.rubi.com\/es\/blog\/rubi-celebra-el-dia-de-tu-casa-regalando-herramientas\/","og_site_name":"RUBI Blog ES","article_publisher":"https:\/\/www.instagram.com\/rubitools\/","article_author":"https:\/\/www.facebook.com\/quimrubitools\/?locale=es_ES","article_published_time":"2015-05-08T10:25:44+00:00","article_modified_time":"2025-12-04T15:45:33+00:00","og_image":[{"width":1321,"height":688,"url":"https:\/\/www.rubi.com\/es\/blog\/wp-content\/uploads\/2015\/05\/diadetucasa1.png","type":"image\/png"}],"author":"Berta","twitter_card":"summary_large_image","twitter_creator":"@RubiTools_Es","twitter_site":"@RubiTools_Es","twitter_misc":{"Escrito por":"Berta","Tiempo de lectura":"1 minuto"},"schema":{"@context":"https:\/\/schema.org","@graph":[{"@type":"WebPage","@id":"https:\/\/www.rubi.com\/es\/blog\/rubi-celebra-el-dia-de-tu-casa-regalando-herramientas\/","url":"https:\/\/www.rubi.com\/es\/blog\/rubi-celebra-el-dia-de-tu-casa-regalando-herramientas\/","name":"RUBI celebra el D\u00eda de tu Casa - Mundo Colocador","isPartOf":{"@id":"https:\/\/www.rubi.com\/es\/#website"},"primaryImageOfPage":{"@id":"https:\/\/www.rubi.com\/es\/blog\/rubi-celebra-el-dia-de-tu-casa-regalando-herramientas\/#primaryimage"},"image":{"@id":"https:\/\/www.rubi.com\/es\/blog\/rubi-celebra-el-dia-de-tu-casa-regalando-herramientas\/#primaryimage"},"thumbnailUrl":"https:\/\/www.rubi.com\/es\/blog\/wp-content\/uploads\/2015\/05\/diadetucasa1.png","datePublished":"2015-05-08T10:25:44+00:00","dateModified":"2025-12-04T15:45:33+00:00","description":"Los pr\u00f3ximos 14, 15, 16 y 17 de Mayo, el sector de ferreter\u00eda y bricolaje un a\u00f1o m\u00e1s ha organizado a trav\u00e9s de Aecoc el evento de el D\u00cdA DE TU CASA.","breadcrumb":{"@id":"https:\/\/www.rubi.com\/es\/blog\/rubi-celebra-el-dia-de-tu-casa-regalando-herramientas\/#breadcrumb"},"inLanguage":"es","potentialAction":[{"@type":"ReadAction","target":["https:\/\/www.rubi.com\/es\/blog\/rubi-celebra-el-dia-de-tu-casa-regalando-herramientas\/"]}]},{"@type":"ImageObject","inLanguage":"es","@id":"https:\/\/www.rubi.com\/es\/blog\/rubi-celebra-el-dia-de-tu-casa-regalando-herramientas\/#primaryimage","url":"https:\/\/www.rubi.com\/es\/blog\/wp-content\/uploads\/2015\/05\/diadetucasa1.png","contentUrl":"https:\/\/www.rubi.com\/es\/blog\/wp-content\/uploads\/2015\/05\/diadetucasa1.png","width":1321,"height":688,"caption":"D\u00eda de tu casa"},{"@type":"BreadcrumbList","@id":"https:\/\/www.rubi.com\/es\/blog\/rubi-celebra-el-dia-de-tu-casa-regalando-herramientas\/#breadcrumb","itemListElement":[{"@type":"ListItem","position":1,"name":"Home","item":"https:\/\/www.rubi.com\/es\/"},{"@type":"ListItem","position":2,"name":"RUBI celebra el D\u00eda de tu Casa regalando herramientas."}]},{"@type":"WebSite","@id":"https:\/\/www.rubi.com\/es\/#website","url":"https:\/\/www.rubi.com\/es\/","name":"RUBI Blog ES","description":"","publisher":{"@id":"https:\/\/www.rubi.com\/es\/#organization"},"potentialAction":[{"@type":"SearchAction","target":{"@type":"EntryPoint","urlTemplate":"https:\/\/www.rubi.com\/es\/?s={search_term_string}"},"query-input":{"@type":"PropertyValueSpecification","valueRequired":true,"valueName":"search_term_string"}}],"inLanguage":"es"},{"@type":"Organization","@id":"https:\/\/www.rubi.com\/es\/#organization","name":"RUBI Tools Espa\u00f1a Fran\u00e7ais","url":"https:\/\/www.rubi.com\/es\/","logo":{"@type":"ImageObject","inLanguage":"es","@id":"https:\/\/www.rubi.com\/es\/#\/schema\/logo\/image\/","url":"https:\/\/www.rubi.com\/fr\/blog\/wp-content\/uploads\/2021\/09\/rubi-logo-new.png","contentUrl":"https:\/\/www.rubi.com\/fr\/blog\/wp-content\/uploads\/2021\/09\/rubi-logo-new.png","width":300,"height":300,"caption":"RUBI Tools Espa\u00f1a Fran\u00e7ais"},"image":{"@id":"https:\/\/www.rubi.com\/es\/#\/schema\/logo\/image\/"},"sameAs":["https:\/\/www.instagram.com\/rubitools\/","https:\/\/x.com\/RubiTools_Es","https:\/\/www.linkedin.com\/company\/rubi-group\/","https:\/\/www.youtube.com\/c\/ClubRubi"]}]}},"_links":{"self":[{"href":"https:\/\/www.rubi.com\/es\/blog\/wp-json\/wp\/v2\/posts\/2545","targetHints":{"allow":["GET"]}}],"collection":[{"href":"https:\/\/www.rubi.com\/es\/blog\/wp-json\/wp\/v2\/posts"}],"about":[{"href":"https:\/\/www.rubi.com\/es\/blog\/wp-json\/wp\/v2\/types\/post"}],"author":[{"embeddable":true,"href":"https:\/\/www.rubi.com\/es\/blog\/wp-json\/wp\/v2\/users\/53"}],"replies":[{"embeddable":true,"href":"https:\/\/www.rubi.com\/es\/blog\/wp-json\/wp\/v2\/comments?post=2545"}],"version-history":[{"count":-1,"href":"https:\/\/www.rubi.com\/es\/blog\/wp-json\/wp\/v2\/posts\/2545\/revisions"}],"wp:featuredmedia":[{"embeddable":true,"href":"https:\/\/www.rubi.com\/es\/blog\/wp-json\/wp\/v2\/media\/2546"}],"wp:attachment":[{"href":"https:\/\/www.rubi.com\/es\/blog\/wp-json\/wp\/v2\/media?parent=2545"}],"wp:term":[{"taxonomy":"category","embeddable":true,"href":"https:\/\/www.rubi.com\/es\/blog\/wp-json\/wp\/v2\/categories?post=2545"},{"taxonomy":"post_tag","embeddable":true,"href":"https:\/\/www.rubi.com\/es\/blog\/wp-json\/wp\/v2\/tags?post=2545"}],"curies":[{"name":"wp","href":"https:\/\/api.w.org\/{rel}","templated":true}]}}