{"id":2658,"date":"2015-09-25T12:04:24","date_gmt":"2015-09-25T12:04:24","guid":{"rendered":"https:\/\/www.rubi.com\/es\/blog\/?p=2658"},"modified":"2015-09-25T12:04:24","modified_gmt":"2015-09-25T12:04:24","slug":"rubi-estara-en-la-feria-de-cersaie-2015","status":"publish","type":"post","link":"https:\/\/www.rubi.com\/es\/blog\/rubi-estara-en-la-feria-de-cersaie-2015\/","title":{"rendered":"RUBI estar\u00e1 en la Feria de CERSAIE 2015"},"content":{"rendered":"<h2 style=\"text-align: center;\">RUBI estar\u00e1 en la Feria de CERSAIE 2015<\/h2>\n<p><a href=\"https:\/\/www.rubi.com\/es\/blog\/wp-content\/uploads\/2015\/09\/RUBI-CERSAIE2015.png\"><img decoding=\"async\" class=\"wp-image-2659 size-large aligncenter\" src=\"https:\/\/www.rubi.com\/es\/blog\/wp-content\/uploads\/2015\/09\/RUBI-CERSAIE2015-1024x427.png\" alt=\"RUBI CERSAIE 2015\" width=\"1024\" height=\"427\" srcset=\"https:\/\/www.rubi.com\/es\/blog\/wp-content\/uploads\/2015\/09\/RUBI-CERSAIE2015-1024x427.png 1024w, https:\/\/www.rubi.com\/es\/blog\/wp-content\/uploads\/2015\/09\/RUBI-CERSAIE2015-300x125.png 300w, https:\/\/www.rubi.com\/es\/blog\/wp-content\/uploads\/2015\/09\/RUBI-CERSAIE2015-768x320.png 768w, https:\/\/www.rubi.com\/es\/blog\/wp-content\/uploads\/2015\/09\/RUBI-CERSAIE2015.png 1200w\" sizes=\"(max-width: 1024px) 100vw, 1024px\" \/><\/a><\/p>\n<p>RUBI, estar\u00e1 presente en la feria internacional de la cer\u00e1mica CERSAIE 2015\u00a0que tendr\u00e1 lugar en Bolonia, Italia, del 28 de septiembre al 2 de octubre.<\/p>\n<p>La feria ser\u00e1 escenario de la presentaci\u00f3n de un gran n\u00famero de novedades\u00a0RUBI, que sin duda despertaran el inter\u00e9s de los profesionales de la\u00a0construcci\u00f3n.<\/p>\n<p>Los usuarios podr\u00e1n ver novedades como el nuevo mezclador Rubimix-9-N, la\u00a0nueva cortadora el\u00e9ctrica DU-200 EVO, las cortadoras manuales STAR, STAR\u00a0MAX y FAST entre otras.<\/p>\n<p>&nbsp;<\/p>\n<p><a href=\"https:\/\/www.rubi.com\/es\/blog\/wp-content\/uploads\/2015\/09\/Cortadores-manuales-STAR-MAX.png\"><img decoding=\"async\" class=\"size-full wp-image-2639 aligncenter\" src=\"https:\/\/www.rubi.com\/es\/blog\/wp-content\/uploads\/2015\/09\/Cortadores-manuales-STAR-MAX.png\" alt=\"Cortadores manuales STAR MAX\" width=\"640\" height=\"428\" srcset=\"https:\/\/www.rubi.com\/es\/blog\/wp-content\/uploads\/2015\/09\/Cortadores-manuales-STAR-MAX.png 640w, https:\/\/www.rubi.com\/es\/blog\/wp-content\/uploads\/2015\/09\/Cortadores-manuales-STAR-MAX-300x201.png 300w\" sizes=\"(max-width: 640px) 100vw, 640px\" \/><\/a><\/p>\n<p>Con el objetivo de conseguir un espacio interactivo y din\u00e1mico, en el que los\u00a0usuarios puedan conocer todas las novedades, el stand de RUBI\u00ae (ubicado en el\u00a0stand 56, hall 44) contar\u00e1 con diversos espacios de demostraci\u00f3n y pruebas al\u00a0servicio de los visitantes.<\/p>\n<p>&nbsp;<\/p>\n<p>\u00a1Nos vemos en CERSAIE!<\/p>\n<p>&nbsp;<\/p>\n","protected":false},"excerpt":{"rendered":"<p>RUBI estar\u00e1 en la Feria de CERSAIE 2015 RUBI, estar\u00e1 presente en la feria internacional de la cer\u00e1mica CERSAIE 2015\u00a0que tendr\u00e1 lugar en Bolonia, Italia, del 28 de septiembre al 2 de octubre. La feria ser\u00e1 escenario de la presentaci\u00f3n de un gran n\u00famero de novedades\u00a0RUBI, que sin duda despertaran el inter\u00e9s de los profesionales &hellip; <a href=\"https:\/\/www.rubi.com\/es\/blog\/rubi-estara-en-la-feria-de-cersaie-2015\/\">Continued<\/a><\/p>\n","protected":false},"author":53,"featured_media":2659,"comment_status":"open","ping_status":"closed","sticky":false,"template":"","format":"standard","meta":{"_acf_changed":false,"content-type":"","footnotes":""},"categories":[122],"tags":[],"class_list":["post-2658","post","type-post","status-publish","format-standard","has-post-thumbnail","hentry","category-noticias-sobre-el-mundo-de-la-colocacion"],"acf":[],"yoast_head":"<!-- This site is optimized with the Yoast SEO plugin v27.4 - https:\/\/yoast.com\/product\/yoast-seo-wordpress\/ -->\n<title>RUBI estar\u00e1 presente en CERSAIE 2015 - Mundo Colocador<\/title>\n<meta name=\"description\" content=\"RUBI, estar\u00e1 presente en la feria internacional de la cer\u00e1mica CERSAIE 2015 que tendr\u00e1 lugar en Bolonia, Italia, del 28 de septiembre al 2 de octubre.\" \/>\n<meta name=\"robots\" content=\"index, follow, max-snippet:-1, max-image-preview:large, max-video-preview:-1\" \/>\n<meta property=\"og:locale\" content=\"es_ES\" \/>\n<meta property=\"og:type\" content=\"article\" \/>\n<meta property=\"og:title\" content=\"RUBI estar\u00e1 presente en CERSAIE 2015 - Mundo Colocador\" \/>\n<meta property=\"og:description\" content=\"RUBI, estar\u00e1 presente en la feria internacional de la cer\u00e1mica CERSAIE 2015 que tendr\u00e1 lugar en Bolonia, Italia, del 28 de septiembre al 2 de octubre.\" \/>\n<meta property=\"og:url\" content=\"https:\/\/www.rubi.com\/es\/blog\/rubi-estara-en-la-feria-de-cersaie-2015\/\" \/>\n<meta property=\"og:site_name\" content=\"RUBI Blog ES\" \/>\n<meta property=\"article:publisher\" content=\"https:\/\/www.instagram.com\/rubitools\/\" \/>\n<meta property=\"article:author\" content=\"https:\/\/www.facebook.com\/quimrubitools\/?locale=es_ES\" \/>\n<meta property=\"article:published_time\" content=\"2015-09-25T12:04:24+00:00\" \/>\n<meta name=\"author\" content=\"Berta\" \/>\n<meta name=\"twitter:card\" content=\"summary_large_image\" \/>\n<meta name=\"twitter:image\" content=\"https:\/\/www.rubi.com\/es\/blog\/wp-content\/uploads\/2015\/09\/RUBI-CERSAIE2015.png\" \/>\n<meta name=\"twitter:creator\" content=\"@RubiTools_Es\" \/>\n<meta name=\"twitter:site\" content=\"@RubiTools_Es\" \/>\n<meta name=\"twitter:label1\" content=\"Escrito por\" \/>\n\t<meta name=\"twitter:data1\" content=\"Berta\" \/>\n\t<meta name=\"twitter:label2\" content=\"Tiempo de lectura\" \/>\n\t<meta name=\"twitter:data2\" content=\"1 minuto\" \/>\n<!-- \/ Yoast SEO plugin. -->","yoast_head_json":{"title":"RUBI estar\u00e1 presente en CERSAIE 2015 - Mundo Colocador","description":"RUBI, estar\u00e1 presente en la feria internacional de la cer\u00e1mica CERSAIE 2015 que tendr\u00e1 lugar en Bolonia, Italia, del 28 de septiembre al 2 de octubre.","robots":{"index":"index","follow":"follow","max-snippet":"max-snippet:-1","max-image-preview":"max-image-preview:large","max-video-preview":"max-video-preview:-1"},"og_locale":"es_ES","og_type":"article","og_title":"RUBI estar\u00e1 presente en CERSAIE 2015 - Mundo Colocador","og_description":"RUBI, estar\u00e1 presente en la feria internacional de la cer\u00e1mica CERSAIE 2015 que tendr\u00e1 lugar en Bolonia, Italia, del 28 de septiembre al 2 de octubre.","og_url":"https:\/\/www.rubi.com\/es\/blog\/rubi-estara-en-la-feria-de-cersaie-2015\/","og_site_name":"RUBI Blog ES","article_publisher":"https:\/\/www.instagram.com\/rubitools\/","article_author":"https:\/\/www.facebook.com\/quimrubitools\/?locale=es_ES","article_published_time":"2015-09-25T12:04:24+00:00","author":"Berta","twitter_card":"summary_large_image","twitter_image":"https:\/\/www.rubi.com\/es\/blog\/wp-content\/uploads\/2015\/09\/RUBI-CERSAIE2015.png","twitter_creator":"@RubiTools_Es","twitter_site":"@RubiTools_Es","twitter_misc":{"Escrito por":"Berta","Tiempo de lectura":"1 minuto"},"schema":{"@context":"https:\/\/schema.org","@graph":[{"@type":"WebPage","@id":"https:\/\/www.rubi.com\/es\/blog\/rubi-estara-en-la-feria-de-cersaie-2015\/","url":"https:\/\/www.rubi.com\/es\/blog\/rubi-estara-en-la-feria-de-cersaie-2015\/","name":"RUBI estar\u00e1 presente en CERSAIE 2015 - Mundo Colocador","isPartOf":{"@id":"https:\/\/www.rubi.com\/es\/#website"},"primaryImageOfPage":{"@id":"https:\/\/www.rubi.com\/es\/blog\/rubi-estara-en-la-feria-de-cersaie-2015\/#primaryimage"},"image":{"@id":"https:\/\/www.rubi.com\/es\/blog\/rubi-estara-en-la-feria-de-cersaie-2015\/#primaryimage"},"thumbnailUrl":"https:\/\/www.rubi.com\/es\/blog\/wp-content\/uploads\/2015\/09\/RUBI-CERSAIE2015.png","datePublished":"2015-09-25T12:04:24+00:00","description":"RUBI, estar\u00e1 presente en la feria internacional de la cer\u00e1mica CERSAIE 2015 que tendr\u00e1 lugar en Bolonia, Italia, del 28 de septiembre al 2 de octubre.","breadcrumb":{"@id":"https:\/\/www.rubi.com\/es\/blog\/rubi-estara-en-la-feria-de-cersaie-2015\/#breadcrumb"},"inLanguage":"es","potentialAction":[{"@type":"ReadAction","target":["https:\/\/www.rubi.com\/es\/blog\/rubi-estara-en-la-feria-de-cersaie-2015\/"]}]},{"@type":"ImageObject","inLanguage":"es","@id":"https:\/\/www.rubi.com\/es\/blog\/rubi-estara-en-la-feria-de-cersaie-2015\/#primaryimage","url":"https:\/\/www.rubi.com\/es\/blog\/wp-content\/uploads\/2015\/09\/RUBI-CERSAIE2015.png","contentUrl":"https:\/\/www.rubi.com\/es\/blog\/wp-content\/uploads\/2015\/09\/RUBI-CERSAIE2015.png","width":1200,"height":500,"caption":"RUBI CERSAIE 2015"},{"@type":"BreadcrumbList","@id":"https:\/\/www.rubi.com\/es\/blog\/rubi-estara-en-la-feria-de-cersaie-2015\/#breadcrumb","itemListElement":[{"@type":"ListItem","position":1,"name":"Home","item":"https:\/\/www.rubi.com\/es\/"},{"@type":"ListItem","position":2,"name":"RUBI estar\u00e1 en la Feria de CERSAIE 2015"}]},{"@type":"WebSite","@id":"https:\/\/www.rubi.com\/es\/#website","url":"https:\/\/www.rubi.com\/es\/","name":"RUBI Blog ES","description":"","publisher":{"@id":"https:\/\/www.rubi.com\/es\/#organization"},"potentialAction":[{"@type":"SearchAction","target":{"@type":"EntryPoint","urlTemplate":"https:\/\/www.rubi.com\/es\/?s={search_term_string}"},"query-input":{"@type":"PropertyValueSpecification","valueRequired":true,"valueName":"search_term_string"}}],"inLanguage":"es"},{"@type":"Organization","@id":"https:\/\/www.rubi.com\/es\/#organization","name":"RUBI Tools Espa\u00f1a Fran\u00e7ais","url":"https:\/\/www.rubi.com\/es\/","logo":{"@type":"ImageObject","inLanguage":"es","@id":"https:\/\/www.rubi.com\/es\/#\/schema\/logo\/image\/","url":"https:\/\/www.rubi.com\/fr\/blog\/wp-content\/uploads\/2021\/09\/rubi-logo-new.png","contentUrl":"https:\/\/www.rubi.com\/fr\/blog\/wp-content\/uploads\/2021\/09\/rubi-logo-new.png","width":300,"height":300,"caption":"RUBI Tools Espa\u00f1a Fran\u00e7ais"},"image":{"@id":"https:\/\/www.rubi.com\/es\/#\/schema\/logo\/image\/"},"sameAs":["https:\/\/www.instagram.com\/rubitools\/","https:\/\/x.com\/RubiTools_Es","https:\/\/www.linkedin.com\/company\/rubi-group\/","https:\/\/www.youtube.com\/c\/ClubRubi"]}]}},"_links":{"self":[{"href":"https:\/\/www.rubi.com\/es\/blog\/wp-json\/wp\/v2\/posts\/2658","targetHints":{"allow":["GET"]}}],"collection":[{"href":"https:\/\/www.rubi.com\/es\/blog\/wp-json\/wp\/v2\/posts"}],"about":[{"href":"https:\/\/www.rubi.com\/es\/blog\/wp-json\/wp\/v2\/types\/post"}],"author":[{"embeddable":true,"href":"https:\/\/www.rubi.com\/es\/blog\/wp-json\/wp\/v2\/users\/53"}],"replies":[{"embeddable":true,"href":"https:\/\/www.rubi.com\/es\/blog\/wp-json\/wp\/v2\/comments?post=2658"}],"version-history":[{"count":0,"href":"https:\/\/www.rubi.com\/es\/blog\/wp-json\/wp\/v2\/posts\/2658\/revisions"}],"wp:featuredmedia":[{"embeddable":true,"href":"https:\/\/www.rubi.com\/es\/blog\/wp-json\/wp\/v2\/media\/2659"}],"wp:attachment":[{"href":"https:\/\/www.rubi.com\/es\/blog\/wp-json\/wp\/v2\/media?parent=2658"}],"wp:term":[{"taxonomy":"category","embeddable":true,"href":"https:\/\/www.rubi.com\/es\/blog\/wp-json\/wp\/v2\/categories?post=2658"},{"taxonomy":"post_tag","embeddable":true,"href":"https:\/\/www.rubi.com\/es\/blog\/wp-json\/wp\/v2\/tags?post=2658"}],"curies":[{"name":"wp","href":"https:\/\/api.w.org\/{rel}","templated":true}]}}