{"id":2957,"date":"2016-09-12T08:01:29","date_gmt":"2016-09-12T08:01:29","guid":{"rendered":"https:\/\/www.rubi.com\/es\/blog\/?p=2957"},"modified":"2025-12-02T18:16:30","modified_gmt":"2025-12-02T16:16:30","slug":"rubi-cersaie-2016","status":"publish","type":"post","link":"https:\/\/www.rubi.com\/es\/blog\/rubi-cersaie-2016\/","title":{"rendered":"RUBI presente en CERSAIE 2016"},"content":{"rendered":"<h2>Como cada a\u00f1o RUBI estar\u00e1 presente en la Feria de CERSAIE 2016<\/h2>\n<p><a href=\"https:\/\/www.rubi.com\/es\/blog\/wp-content\/uploads\/2016\/09\/Cersaie-2015-scaled-1.jpg\"><img decoding=\"async\" class=\"size-large wp-image-2958 aligncenter\" src=\"https:\/\/www.rubi.com\/es\/blog\/wp-content\/uploads\/2016\/09\/Cersaie-2015-scaled-1.jpg\" alt=\"RUBI en Feria CERSAIE\" width=\"1024\" height=\"710\" srcset=\"https:\/\/www.rubi.com\/es\/blog\/wp-content\/uploads\/2016\/09\/Cersaie-2015-scaled-1.jpg 2560w, https:\/\/www.rubi.com\/es\/blog\/wp-content\/uploads\/2016\/09\/Cersaie-2015-scaled-1-300x208.jpg 300w, https:\/\/www.rubi.com\/es\/blog\/wp-content\/uploads\/2016\/09\/Cersaie-2015-scaled-1-1024x710.jpg 1024w, https:\/\/www.rubi.com\/es\/blog\/wp-content\/uploads\/2016\/09\/Cersaie-2015-scaled-1-768x533.jpg 768w, https:\/\/www.rubi.com\/es\/blog\/wp-content\/uploads\/2016\/09\/Cersaie-2015-scaled-1-1536x1065.jpg 1536w, https:\/\/www.rubi.com\/es\/blog\/wp-content\/uploads\/2016\/09\/Cersaie-2015-scaled-1-2048x1420.jpg 2048w\" sizes=\"(max-width: 1024px) 100vw, 1024px\" \/><\/a><br \/>RUBI, estar\u00e1 presente en la feria internacional de la cer\u00e1mica CERSAIE 2016 que tendr\u00e1 lugar en Bolonia, Italia, del 26 al 30 de septiembre.<\/p>\n<p>La feria ser\u00e1 escenario de la presentaci\u00f3n de un gran n\u00famero de novedades <a href=\"http:\/\/www.rubi.com\/\" target=\"_blank\" rel=\"noopener noreferrer\">RUBI<\/a>, que sin duda despertaran el inter\u00e9s de los profesionales de la construcci\u00f3n.<\/p>\n<p>Los usuarios podr\u00e1n ver novedades como la nueva gama de cortadores manuales TS-MAX, SPEED-N, SPEED MAGNET, TR MAGNET y TZ, el sistema de nivelaci\u00f3n <a href=\"https:\/\/www.rubi.com\/es\/categorias\/tile-level-quick-leveling-systems\" target=\"_blank\" rel=\"noopener noreferrer\">TILE LEVEL QUICK <\/a>y otras novedades que sin duda alguna ser\u00e1n del agrado de todos los seguidores de la marca.<\/p>\n<p><a href=\"https:\/\/www.rubi.com\/es\/blog\/wp-content\/uploads\/2016\/09\/Cersaie15-bis.jpg\"><img decoding=\"async\" class=\"size-large wp-image-2959 aligncenter\" src=\"https:\/\/www.rubi.com\/es\/blog\/wp-content\/uploads\/2016\/09\/Cersaie15-bis-1024x1011.jpg\" alt=\"RUBI en CERSAIE_2\" width=\"1024\" height=\"1011\" srcset=\"https:\/\/www.rubi.com\/es\/blog\/wp-content\/uploads\/2016\/09\/Cersaie15-bis-1024x1011.jpg 1024w, https:\/\/www.rubi.com\/es\/blog\/wp-content\/uploads\/2016\/09\/Cersaie15-bis-300x296.jpg 300w, https:\/\/www.rubi.com\/es\/blog\/wp-content\/uploads\/2016\/09\/Cersaie15-bis-768x758.jpg 768w, https:\/\/www.rubi.com\/es\/blog\/wp-content\/uploads\/2016\/09\/Cersaie15-bis-1536x1516.jpg 1536w, https:\/\/www.rubi.com\/es\/blog\/wp-content\/uploads\/2016\/09\/Cersaie15-bis.jpg 1556w\" sizes=\"(max-width: 1024px) 100vw, 1024px\" \/><\/a><\/p>\n<p>Con el objetivo de conseguir un espacio interactivo y din\u00e1mico, en el que los usuarios puedan conocer todas las novedades, el stand de RUBI \u00ae (ubicado en el stand 21, hall 44) contar\u00e1 con diversos espacios de demostraci\u00f3n y pruebas al servicio de los visitantes.<\/p>\n<p>Del 26 al 30 de septiembre, \u00a1nos vemos en CERSAIE!<\/p>\n\n\n<p><\/p>\n","protected":false},"excerpt":{"rendered":"<p>Como cada a\u00f1o RUBI estar\u00e1 presente en la Feria de CERSAIE 2016 RUBI, estar\u00e1 presente en la feria internacional de la cer\u00e1mica CERSAIE 2016 que tendr\u00e1 lugar en Bolonia, Italia, del 26 al 30 de septiembre. La feria ser\u00e1 escenario de la presentaci\u00f3n de un gran n\u00famero de novedades RUBI, que sin duda despertaran el &hellip; <a href=\"https:\/\/www.rubi.com\/es\/blog\/rubi-cersaie-2016\/\">Continued<\/a><\/p>\n","protected":false},"author":53,"featured_media":2958,"comment_status":"open","ping_status":"closed","sticky":false,"template":"","format":"standard","meta":{"_acf_changed":false,"content-type":"","footnotes":""},"categories":[122],"tags":[],"class_list":["post-2957","post","type-post","status-publish","format-standard","has-post-thumbnail","hentry","category-noticias-sobre-el-mundo-de-la-colocacion"],"acf":[],"yoast_head":"<!-- This site is optimized with the Yoast SEO plugin v27.4 - https:\/\/yoast.com\/product\/yoast-seo-wordpress\/ -->\n<title>RUBI presente en CERSAIE 2016 - Mundo Colocador<\/title>\n<meta name=\"description\" content=\"RUBI, estar\u00e1 presente en la feria internacional de la cer\u00e1mica CERSAIE 2016 que tendr\u00e1 lugar en Bolonia, Italia, del 26 al 30 de septiembre.\" \/>\n<meta name=\"robots\" content=\"index, follow, max-snippet:-1, max-image-preview:large, max-video-preview:-1\" \/>\n<meta property=\"og:locale\" content=\"es_ES\" \/>\n<meta property=\"og:type\" content=\"article\" \/>\n<meta property=\"og:title\" content=\"RUBI presente en CERSAIE 2016\" \/>\n<meta property=\"og:description\" content=\"RUBI, estar\u00e1 presente en la feria internacional de la cer\u00e1mica CERSAIE 2016 que tendr\u00e1 lugar en Bolonia, Italia, del 26 al 30 de septiembre.\" \/>\n<meta property=\"og:url\" content=\"https:\/\/www.rubi.com\/es\/blog\/rubi-cersaie-2016\/\" \/>\n<meta property=\"og:site_name\" content=\"RUBI Blog ES\" \/>\n<meta property=\"article:publisher\" content=\"https:\/\/www.instagram.com\/rubitools\/\" \/>\n<meta property=\"article:author\" content=\"https:\/\/www.facebook.com\/quimrubitools\/?locale=es_ES\" \/>\n<meta property=\"article:published_time\" content=\"2016-09-12T08:01:29+00:00\" \/>\n<meta property=\"article:modified_time\" content=\"2025-12-02T16:16:30+00:00\" \/>\n<meta name=\"author\" content=\"Berta\" \/>\n<meta name=\"twitter:card\" content=\"summary_large_image\" \/>\n<meta name=\"twitter:image\" content=\"https:\/\/www.rubi.com\/es\/blog\/wp-content\/uploads\/2016\/09\/Cersaie-2015-scaled-1.jpg\" \/>\n<meta name=\"twitter:creator\" content=\"@RubiTools_Es\" \/>\n<meta name=\"twitter:site\" content=\"@RubiTools_Es\" \/>\n<meta name=\"twitter:label1\" content=\"Escrito por\" \/>\n\t<meta name=\"twitter:data1\" content=\"Berta\" \/>\n\t<meta name=\"twitter:label2\" content=\"Tiempo de lectura\" \/>\n\t<meta name=\"twitter:data2\" content=\"1 minuto\" \/>\n<!-- \/ Yoast SEO plugin. -->","yoast_head_json":{"title":"RUBI presente en CERSAIE 2016 - Mundo Colocador","description":"RUBI, estar\u00e1 presente en la feria internacional de la cer\u00e1mica CERSAIE 2016 que tendr\u00e1 lugar en Bolonia, Italia, del 26 al 30 de septiembre.","robots":{"index":"index","follow":"follow","max-snippet":"max-snippet:-1","max-image-preview":"max-image-preview:large","max-video-preview":"max-video-preview:-1"},"og_locale":"es_ES","og_type":"article","og_title":"RUBI presente en CERSAIE 2016","og_description":"RUBI, estar\u00e1 presente en la feria internacional de la cer\u00e1mica CERSAIE 2016 que tendr\u00e1 lugar en Bolonia, Italia, del 26 al 30 de septiembre.","og_url":"https:\/\/www.rubi.com\/es\/blog\/rubi-cersaie-2016\/","og_site_name":"RUBI Blog ES","article_publisher":"https:\/\/www.instagram.com\/rubitools\/","article_author":"https:\/\/www.facebook.com\/quimrubitools\/?locale=es_ES","article_published_time":"2016-09-12T08:01:29+00:00","article_modified_time":"2025-12-02T16:16:30+00:00","author":"Berta","twitter_card":"summary_large_image","twitter_image":"https:\/\/www.rubi.com\/es\/blog\/wp-content\/uploads\/2016\/09\/Cersaie-2015-scaled-1.jpg","twitter_creator":"@RubiTools_Es","twitter_site":"@RubiTools_Es","twitter_misc":{"Escrito por":"Berta","Tiempo de lectura":"1 minuto"},"schema":{"@context":"https:\/\/schema.org","@graph":[{"@type":"WebPage","@id":"https:\/\/www.rubi.com\/es\/blog\/rubi-cersaie-2016\/","url":"https:\/\/www.rubi.com\/es\/blog\/rubi-cersaie-2016\/","name":"RUBI presente en CERSAIE 2016 - Mundo Colocador","isPartOf":{"@id":"https:\/\/www.rubi.com\/es\/#website"},"primaryImageOfPage":{"@id":"https:\/\/www.rubi.com\/es\/blog\/rubi-cersaie-2016\/#primaryimage"},"image":{"@id":"https:\/\/www.rubi.com\/es\/blog\/rubi-cersaie-2016\/#primaryimage"},"thumbnailUrl":"https:\/\/www.rubi.com\/es\/blog\/wp-content\/uploads\/2016\/09\/Cersaie-2015-scaled-1.jpg","datePublished":"2016-09-12T08:01:29+00:00","dateModified":"2025-12-02T16:16:30+00:00","description":"RUBI, estar\u00e1 presente en la feria internacional de la cer\u00e1mica CERSAIE 2016 que tendr\u00e1 lugar en Bolonia, Italia, del 26 al 30 de septiembre.","breadcrumb":{"@id":"https:\/\/www.rubi.com\/es\/blog\/rubi-cersaie-2016\/#breadcrumb"},"inLanguage":"es","potentialAction":[{"@type":"ReadAction","target":["https:\/\/www.rubi.com\/es\/blog\/rubi-cersaie-2016\/"]}]},{"@type":"ImageObject","inLanguage":"es","@id":"https:\/\/www.rubi.com\/es\/blog\/rubi-cersaie-2016\/#primaryimage","url":"https:\/\/www.rubi.com\/es\/blog\/wp-content\/uploads\/2016\/09\/Cersaie-2015-scaled-1.jpg","contentUrl":"https:\/\/www.rubi.com\/es\/blog\/wp-content\/uploads\/2016\/09\/Cersaie-2015-scaled-1.jpg","width":2560,"height":1775,"caption":"RUBI en Feria CERSAIE"},{"@type":"BreadcrumbList","@id":"https:\/\/www.rubi.com\/es\/blog\/rubi-cersaie-2016\/#breadcrumb","itemListElement":[{"@type":"ListItem","position":1,"name":"Home","item":"https:\/\/www.rubi.com\/es\/"},{"@type":"ListItem","position":2,"name":"RUBI presente en CERSAIE 2016"}]},{"@type":"WebSite","@id":"https:\/\/www.rubi.com\/es\/#website","url":"https:\/\/www.rubi.com\/es\/","name":"RUBI Blog ES","description":"","publisher":{"@id":"https:\/\/www.rubi.com\/es\/#organization"},"potentialAction":[{"@type":"SearchAction","target":{"@type":"EntryPoint","urlTemplate":"https:\/\/www.rubi.com\/es\/?s={search_term_string}"},"query-input":{"@type":"PropertyValueSpecification","valueRequired":true,"valueName":"search_term_string"}}],"inLanguage":"es"},{"@type":"Organization","@id":"https:\/\/www.rubi.com\/es\/#organization","name":"RUBI Tools Espa\u00f1a Fran\u00e7ais","url":"https:\/\/www.rubi.com\/es\/","logo":{"@type":"ImageObject","inLanguage":"es","@id":"https:\/\/www.rubi.com\/es\/#\/schema\/logo\/image\/","url":"https:\/\/www.rubi.com\/fr\/blog\/wp-content\/uploads\/2021\/09\/rubi-logo-new.png","contentUrl":"https:\/\/www.rubi.com\/fr\/blog\/wp-content\/uploads\/2021\/09\/rubi-logo-new.png","width":300,"height":300,"caption":"RUBI Tools Espa\u00f1a Fran\u00e7ais"},"image":{"@id":"https:\/\/www.rubi.com\/es\/#\/schema\/logo\/image\/"},"sameAs":["https:\/\/www.instagram.com\/rubitools\/","https:\/\/x.com\/RubiTools_Es","https:\/\/www.linkedin.com\/company\/rubi-group\/","https:\/\/www.youtube.com\/c\/ClubRubi"]}]}},"_links":{"self":[{"href":"https:\/\/www.rubi.com\/es\/blog\/wp-json\/wp\/v2\/posts\/2957","targetHints":{"allow":["GET"]}}],"collection":[{"href":"https:\/\/www.rubi.com\/es\/blog\/wp-json\/wp\/v2\/posts"}],"about":[{"href":"https:\/\/www.rubi.com\/es\/blog\/wp-json\/wp\/v2\/types\/post"}],"author":[{"embeddable":true,"href":"https:\/\/www.rubi.com\/es\/blog\/wp-json\/wp\/v2\/users\/53"}],"replies":[{"embeddable":true,"href":"https:\/\/www.rubi.com\/es\/blog\/wp-json\/wp\/v2\/comments?post=2957"}],"version-history":[{"count":-1,"href":"https:\/\/www.rubi.com\/es\/blog\/wp-json\/wp\/v2\/posts\/2957\/revisions"}],"wp:featuredmedia":[{"embeddable":true,"href":"https:\/\/www.rubi.com\/es\/blog\/wp-json\/wp\/v2\/media\/2958"}],"wp:attachment":[{"href":"https:\/\/www.rubi.com\/es\/blog\/wp-json\/wp\/v2\/media?parent=2957"}],"wp:term":[{"taxonomy":"category","embeddable":true,"href":"https:\/\/www.rubi.com\/es\/blog\/wp-json\/wp\/v2\/categories?post=2957"},{"taxonomy":"post_tag","embeddable":true,"href":"https:\/\/www.rubi.com\/es\/blog\/wp-json\/wp\/v2\/tags?post=2957"}],"curies":[{"name":"wp","href":"https:\/\/api.w.org\/{rel}","templated":true}]}}