{"id":30451,"date":"2023-10-13T11:25:16","date_gmt":"2023-10-13T09:25:16","guid":{"rendered":"https:\/\/www.rubi.com\/?p=30451"},"modified":"2026-02-03T17:57:55","modified_gmt":"2026-02-03T15:57:55","slug":"como-elegir-la-paleta-de-albanil","status":"publish","type":"post","link":"https:\/\/www.rubi.com\/es\/blog\/como-elegir-la-paleta-de-albanil\/","title":{"rendered":"C\u00f3mo elegir la paleta de alba\u00f1il"},"content":{"rendered":"\n<p><strong>La paleta de alba\u00f1il <\/strong>es una de esas herramientas a las que no se les da una importancia muy relevante dentro de una obra o una reforma, pero que <strong>a la hora de la verdad no podr\u00edamos hacer la gran mayor\u00eda de los trabajos sin ella.<\/strong><\/p>\n\n\n\n<p>Ning\u00fan alba\u00f1il puede prescindir de esta herramienta, sea cual sea su tipolog\u00eda o forma, la paleta de alba\u00f1il es una herramienta vital.<\/p>\n\n\n\n<p><strong>La funci\u00f3n principal de la paleta de alba\u00f1il es que el trabajador deje de usar sus manos<\/strong> y utilice una herramienta que haga esa funci\u00f3n. El mortero, el adhesivo, la cal, y diferentes materiales que se usan a diario en la obra da\u00f1an seriamente las manos, y esa es justamente la funci\u00f3n de la paleta de alba\u00f1il. Tambi\u00e9n nos <strong>ayuda en la <a href=\"https:\/\/www.rubi.com\/es\/blog\/como-colocar-azulejos\/\" target=\"_blank\" rel=\"noreferrer noopener\">colocaci\u00f3n de baldosas cer\u00e1micas<\/a> <\/strong>al trabajar con la manipulaci\u00f3n de distinto materiales.<\/p>\n\n\n\n<p>Si se estropea la paleta de alba\u00f1il, puedes comprar otra, pero si se estropean las manos el problema es m\u00e1s complicado de solucionar.<\/p>\n\n\n<p><!--HubSpot Call-to-Action Code --><\/p>\n<p><span id=\"hs-cta-wrapper-dee1dc36-67e1-4c75-bd20-04a3a79f9429\" class=\"hs-cta-wrapper\"><span id=\"hs-cta-dee1dc36-67e1-4c75-bd20-04a3a79f9429\" class=\"hs-cta-node hs-cta-dee1dc36-67e1-4c75-bd20-04a3a79f9429\"><!-- [if lte IE 8]>\n\n\n\n\n\n\n\n<div id=\"hs-cta-ie-element\"><\/div>\n\n\n\n\n\n\n\n<![endif]--><a href=\"https:\/\/cta-redirect.hubspot.com\/cta\/redirect\/6786297\/dee1dc36-67e1-4c75-bd20-04a3a79f9429\" target=\"_blank\" rel=\"noopener\"><img decoding=\"async\" id=\"hs-cta-img-dee1dc36-67e1-4c75-bd20-04a3a79f9429\" class=\"hs-cta-img\" style=\"border-width: 0px;\" src=\"https:\/\/no-cache.hubspot.com\/cta\/default\/6786297\/dee1dc36-67e1-4c75-bd20-04a3a79f9429.png\" alt=\"* \u00bfQuieres obtener la gu\u00eda sobre C\u00f3mo conseguir los mejores acabados en  alicatado? Haz click aqu\u00ed y desc\u00e1rgatela gratis.\" \/><\/a><\/span><script charset=\"utf-8\" src=\"https:\/\/js.hscta.net\/cta\/current.js\"><\/script><script type=\"text\/javascript\"> hbspt.cta.load(6786297, 'dee1dc36-67e1-4c75-bd20-04a3a79f9429', {\"useNewLoader\":\"true\",\"region\":\"na1\"}); <\/script><\/span><\/p>\n<p><!-- end HubSpot Call-to-Action Code --><\/p>\n\n\n<figure class=\"wp-block-image size-large\"><img decoding=\"async\" src=\"https:\/\/www.rubi.com\/es\/blog\/wp-content\/uploads\/2021\/11\/construction-workers-are-building-cement-walls-with-brick-blocks-scaled.jpg\" alt=\"\"\/><\/figure>\n\n\n\n<h2 class=\"wp-block-heading\">Usos de la paleta<\/h2>\n\n\n\n<p><strong>Usamos la paleta de alba\u00f1il para infinidad de trabajos<\/strong>, recoger runa de un derribo, preparar manualmente mortero o adhesivo si no disponemos de un mezclador el\u00e9ctrico, dosificar las proporciones de una mezcla, realizar mezclados en capazos o carretillas y muchas otras aplicaciones.<\/p>\n\n\n\n<p>Aunque sea una herramienta aparentemente sencilla solo un profesional con a\u00f1os de experiencia podr\u00e1 sacarle todo el partido a su paleta de alba\u00f1il.<\/p>\n\n\n\n<p><strong>\u00bfCu\u00e1l es la paleta adecuada a cada trabajo?<\/strong> Pues no hay una respuesta correcta para esta pregunta, la paleta de alba\u00f1il es algo cultural, habitualmente haces tuya la paleta con la que tu maestro te ense\u00f1\u00f3.<\/p>\n\n\n\n<h2 class=\"wp-block-heading\">Tipos de paleta de alba\u00f1il<\/h2>\n\n\n\n<p>Hay muchos dise\u00f1os para diferentes aplicaciones te\u00f3ricas, aunque despu\u00e9s un buen profesional puede utilizar cualquier paleta de alba\u00f1il para casi cualquier trabajo.<\/p>\n\n\n\n<h3 class=\"wp-block-heading\">Paleta \u00abcatalana\u00bb<\/h3>\n\n\n\n<p>Es <strong>la paleta que m\u00e1s se<\/strong> <strong>utiliza para realizar mezclados<\/strong> en capazos por su largo mango y amplia base casi a 90\u00ba.<\/p>\n\n\n\n<figure class=\"wp-block-image aligncenter size-large is-resized is-style-rounded\"><img decoding=\"async\" width=\"1024\" height=\"576\" src=\"https:\/\/www.rubi.com\/es\/blog\/wp-content\/uploads\/2021\/11\/paleta-catalana_77116-paleta-mango-bimaterial-rubiflex-pfp22-165-1-m-rubi-1024x576.jpg\" alt=\"\" class=\"wp-image-30526\" style=\"width:434px;height:243px\" srcset=\"https:\/\/www.rubi.com\/es\/blog\/wp-content\/uploads\/2021\/11\/paleta-catalana_77116-paleta-mango-bimaterial-rubiflex-pfp22-165-1-m-rubi-1024x576.jpg 1024w, https:\/\/www.rubi.com\/es\/blog\/wp-content\/uploads\/2021\/11\/paleta-catalana_77116-paleta-mango-bimaterial-rubiflex-pfp22-165-1-m-rubi-300x169.jpg 300w, https:\/\/www.rubi.com\/es\/blog\/wp-content\/uploads\/2021\/11\/paleta-catalana_77116-paleta-mango-bimaterial-rubiflex-pfp22-165-1-m-rubi-768x432.jpg 768w, https:\/\/www.rubi.com\/es\/blog\/wp-content\/uploads\/2021\/11\/paleta-catalana_77116-paleta-mango-bimaterial-rubiflex-pfp22-165-1-m-rubi-1536x864.jpg 1536w, https:\/\/www.rubi.com\/es\/blog\/wp-content\/uploads\/2021\/11\/paleta-catalana_77116-paleta-mango-bimaterial-rubiflex-pfp22-165-1-m-rubi-2048x1152.jpg 2048w\" sizes=\"(max-width: 1024px) 100vw, 1024px\" \/><\/figure>\n\n\n\n<h3 class=\"wp-block-heading\">Paleta \u00abcuadrada\u00bb<\/h3>\n\n\n\n<p>El palet\u00edn se utiliza, principalmente, para<strong> trabajos de retoque con cualquier tipo de material<\/strong>, pero tambi\u00e9n son muy utilizados para trabajos de acabado fino tanto con escayola como con yeso.<\/p>\n\n\n\n<figure class=\"wp-block-image aligncenter size-large is-resized\"><img decoding=\"async\" width=\"1024\" height=\"576\" src=\"https:\/\/www.rubi.com\/es\/blog\/wp-content\/uploads\/2021\/11\/paleta-cuadrada_75014-paleta-mango-bimateral-rubiflex-pfp01-140-1-m-rubi-1024x576.jpg\" alt=\"\" class=\"wp-image-30534\" style=\"width:380px;height:213px\" srcset=\"https:\/\/www.rubi.com\/es\/blog\/wp-content\/uploads\/2021\/11\/paleta-cuadrada_75014-paleta-mango-bimateral-rubiflex-pfp01-140-1-m-rubi-1024x576.jpg 1024w, https:\/\/www.rubi.com\/es\/blog\/wp-content\/uploads\/2021\/11\/paleta-cuadrada_75014-paleta-mango-bimateral-rubiflex-pfp01-140-1-m-rubi-300x169.jpg 300w, https:\/\/www.rubi.com\/es\/blog\/wp-content\/uploads\/2021\/11\/paleta-cuadrada_75014-paleta-mango-bimateral-rubiflex-pfp01-140-1-m-rubi-768x432.jpg 768w, https:\/\/www.rubi.com\/es\/blog\/wp-content\/uploads\/2021\/11\/paleta-cuadrada_75014-paleta-mango-bimateral-rubiflex-pfp01-140-1-m-rubi-1536x864.jpg 1536w, https:\/\/www.rubi.com\/es\/blog\/wp-content\/uploads\/2021\/11\/paleta-cuadrada_75014-paleta-mango-bimateral-rubiflex-pfp01-140-1-m-rubi-2048x1152.jpg 2048w\" sizes=\"(max-width: 1024px) 100vw, 1024px\" \/><\/figure>\n\n\n\n<h3 class=\"wp-block-heading\">Paleta \u00abmadrile\u00f1a\u00bb<\/h3>\n\n\n\n<p>La paleta es, sin lugar a duda, una herramienta esencial para el profesional de la construcci\u00f3n. Se utiliza, principalmente, <strong>para mezclar materiales y para aplicarlos sobre una llana o directamente sobre el soporte.<\/strong><\/p>\n\n\n\n<figure class=\"wp-block-image aligncenter size-large is-resized\"><img decoding=\"async\" width=\"1024\" height=\"576\" src=\"https:\/\/www.rubi.com\/es\/blog\/wp-content\/uploads\/2021\/11\/Paleta-madrilena_77318-paleta-mango-bimaterial-rubiflex-pfp24-180-1-m-rubi-1024x576.jpg\" alt=\"\" class=\"wp-image-30542\" style=\"width:485px;height:272px\" srcset=\"https:\/\/www.rubi.com\/es\/blog\/wp-content\/uploads\/2021\/11\/Paleta-madrilena_77318-paleta-mango-bimaterial-rubiflex-pfp24-180-1-m-rubi-1024x576.jpg 1024w, https:\/\/www.rubi.com\/es\/blog\/wp-content\/uploads\/2021\/11\/Paleta-madrilena_77318-paleta-mango-bimaterial-rubiflex-pfp24-180-1-m-rubi-300x169.jpg 300w, https:\/\/www.rubi.com\/es\/blog\/wp-content\/uploads\/2021\/11\/Paleta-madrilena_77318-paleta-mango-bimaterial-rubiflex-pfp24-180-1-m-rubi-768x432.jpg 768w, https:\/\/www.rubi.com\/es\/blog\/wp-content\/uploads\/2021\/11\/Paleta-madrilena_77318-paleta-mango-bimaterial-rubiflex-pfp24-180-1-m-rubi-1536x864.jpg 1536w, https:\/\/www.rubi.com\/es\/blog\/wp-content\/uploads\/2021\/11\/Paleta-madrilena_77318-paleta-mango-bimaterial-rubiflex-pfp24-180-1-m-rubi-2048x1152.jpg 2048w\" sizes=\"(max-width: 1024px) 100vw, 1024px\" \/><\/figure>\n\n\n\n<!--HubSpot Call-to-Action Code --><span class=\"hs-cta-wrapper\" id=\"hs-cta-wrapper-d5ae5e7e-96e5-45f6-859b-351ca2061108\"><span class=\"hs-cta-node hs-cta-d5ae5e7e-96e5-45f6-859b-351ca2061108\" id=\"hs-cta-d5ae5e7e-96e5-45f6-859b-351ca2061108\"><!--[if lte IE 8]><div id=\"hs-cta-ie-element\"><\/div><![endif]--><a href=\"https:\/\/cta-redirect.hubspot.com\/cta\/redirect\/6786297\/d5ae5e7e-96e5-45f6-859b-351ca2061108\" target=\"_blank\" rel=\"noopener\"><img decoding=\"async\" class=\"hs-cta-img\" id=\"hs-cta-img-d5ae5e7e-96e5-45f6-859b-351ca2061108\" style=\"border-width:0px;\" src=\"https:\/\/no-cache.hubspot.com\/cta\/default\/6786297\/d5ae5e7e-96e5-45f6-859b-351ca2061108.png\"  alt=\"New call-to-action\"\/><\/a><\/span><script charset=\"utf-8\" src=\"https:\/\/js.hscta.net\/cta\/current.js\"><\/script><script type=\"text\/javascript\"> hbspt.cta.load(6786297, 'd5ae5e7e-96e5-45f6-859b-351ca2061108', {\"useNewLoader\":\"true\",\"region\":\"na1\"}); <\/script><\/span><!-- end HubSpot Call-to-Action Code -->\n\n\n\n\n<h3 class=\"wp-block-heading\">Paleta \u00abcuello de cisne\u00bb<\/h3>\n\n\n\n<p>Paleta con todas sus partes redondeadas, <strong>especial para soldar telas asf\u00e1lticas y otros usos.<\/strong><\/p>\n\n\n\n<figure class=\"wp-block-image aligncenter is-resized\"><img decoding=\"async\" width=\"1024\" height=\"576\" src=\"https:\/\/www.rubi.com\/es\/blog\/wp-content\/uploads\/2021\/11\/Paleta-cuello-de-cisne_37520-paleta-mango-madera-pfm26-200-1-m-rubi-1024x576.jpg\" alt=\"\" class=\"wp-image-30550\" style=\"width:335px;height:188px\" srcset=\"https:\/\/www.rubi.com\/es\/blog\/wp-content\/uploads\/2021\/11\/Paleta-cuello-de-cisne_37520-paleta-mango-madera-pfm26-200-1-m-rubi-1024x576.jpg 1024w, https:\/\/www.rubi.com\/es\/blog\/wp-content\/uploads\/2021\/11\/Paleta-cuello-de-cisne_37520-paleta-mango-madera-pfm26-200-1-m-rubi-300x169.jpg 300w, https:\/\/www.rubi.com\/es\/blog\/wp-content\/uploads\/2021\/11\/Paleta-cuello-de-cisne_37520-paleta-mango-madera-pfm26-200-1-m-rubi-768x432.jpg 768w, https:\/\/www.rubi.com\/es\/blog\/wp-content\/uploads\/2021\/11\/Paleta-cuello-de-cisne_37520-paleta-mango-madera-pfm26-200-1-m-rubi-1536x864.jpg 1536w, https:\/\/www.rubi.com\/es\/blog\/wp-content\/uploads\/2021\/11\/Paleta-cuello-de-cisne_37520-paleta-mango-madera-pfm26-200-1-m-rubi-2048x1152.jpg 2048w\" sizes=\"(max-width: 1024px) 100vw, 1024px\" \/><\/figure>\n\n\n\n<h3 class=\"wp-block-heading\">Paleta \u00abesquinera\u00bb<\/h3>\n\n\n\n<p>La l\u00e1mina de acero inoxidable presenta un plegado a 90\u00ba<strong> especial para realizar remates en rincones.<\/strong><\/p>\n\n\n\n<figure class=\"wp-block-image aligncenter size-large is-resized\"><img decoding=\"async\" width=\"1024\" height=\"576\" src=\"https:\/\/www.rubi.com\/es\/blog\/wp-content\/uploads\/2021\/11\/Paleta-esquinera_38211-paleta-mango-madera-pfm53-110x75-1-m-rubi-1024x576.jpg\" alt=\"paleta alba\u00f1il esquinera\" class=\"wp-image-30558\" style=\"width:355px;height:199px\" srcset=\"https:\/\/www.rubi.com\/es\/blog\/wp-content\/uploads\/2021\/11\/Paleta-esquinera_38211-paleta-mango-madera-pfm53-110x75-1-m-rubi-1024x576.jpg 1024w, https:\/\/www.rubi.com\/es\/blog\/wp-content\/uploads\/2021\/11\/Paleta-esquinera_38211-paleta-mango-madera-pfm53-110x75-1-m-rubi-300x169.jpg 300w, https:\/\/www.rubi.com\/es\/blog\/wp-content\/uploads\/2021\/11\/Paleta-esquinera_38211-paleta-mango-madera-pfm53-110x75-1-m-rubi-768x432.jpg 768w, https:\/\/www.rubi.com\/es\/blog\/wp-content\/uploads\/2021\/11\/Paleta-esquinera_38211-paleta-mango-madera-pfm53-110x75-1-m-rubi-1536x864.jpg 1536w, https:\/\/www.rubi.com\/es\/blog\/wp-content\/uploads\/2021\/11\/Paleta-esquinera_38211-paleta-mango-madera-pfm53-110x75-1-m-rubi-2048x1152.jpg 2048w\" sizes=\"(max-width: 1024px) 100vw, 1024px\" \/><\/figure>\n\n\n\n<p>Estas son solo<strong> algunas de las opciones que tenemos para escoger<\/strong> cuando compremos una paleta.<\/p>\n\n\n\n<h2 class=\"wp-block-heading\">Elije tu paleta de alba\u00f1il seg\u00fan el mango<\/h2>\n\n\n\n<p>Una parte importante de la elecci\u00f3n de la paleta correcta es el mango.<\/p>\n\n\n\n<h3 class=\"wp-block-heading\">Mango de madera<\/h3>\n\n\n\n<p><strong>Es el elegido por los usuarios con mas a\u00f1os de experiencia,<\/strong> es complicado que un alba\u00f1il cambie el estilo de mango al que ha utilizado siempre.<\/p>\n\n\n\n<p>La madera es el estilo tradicional que usa el alba\u00f1il cl\u00e1sico.<\/p>\n\n\n\n<p>Es un mango barnizado para que su uso se extienda en el tiempo y tiene la punta de pl\u00e1stico duro para golpear la cer\u00e1mica a la hora de colocar. Es un movimiento muy habitual que los alba\u00f1iles hacen cada d\u00eda en sus trabajos.<\/p>\n\n\n\n<figure class=\"wp-block-image aligncenter size-large is-resized\"><img decoding=\"async\" width=\"1024\" height=\"817\" src=\"https:\/\/www.rubi.com\/es\/blog\/wp-content\/uploads\/2021\/11\/mango-madera-1024x817.jpg\" alt=\"paleta alba\u00f1il mango madera\" class=\"wp-image-30566\" style=\"width:238px;height:190px\" srcset=\"https:\/\/www.rubi.com\/es\/blog\/wp-content\/uploads\/2021\/11\/mango-madera-1024x817.jpg 1024w, https:\/\/www.rubi.com\/es\/blog\/wp-content\/uploads\/2021\/11\/mango-madera-300x239.jpg 300w, https:\/\/www.rubi.com\/es\/blog\/wp-content\/uploads\/2021\/11\/mango-madera-768x613.jpg 768w, https:\/\/www.rubi.com\/es\/blog\/wp-content\/uploads\/2021\/11\/mango-madera-1536x1225.jpg 1536w, https:\/\/www.rubi.com\/es\/blog\/wp-content\/uploads\/2021\/11\/mango-madera-2048x1633.jpg 2048w\" sizes=\"(max-width: 1024px) 100vw, 1024px\" \/><\/figure>\n\n\n\n<h3 class=\"wp-block-heading\">Mango de RUBIFLEX<\/h3>\n\n\n\n<p>Tambi\u00e9n dispone el profesional de la l\u00ednea con <strong><a href=\"https:\/\/www.rubi.com\/es\/categorias\/paletas\" target=\"_blank\" rel=\"noreferrer noopener\">mango ergon\u00f3mico bimaterial RUBIFLEX\u00ae<\/a><\/strong>, con un dise\u00f1o que aporta una gran resistencia a los impactos.<\/p>\n\n\n\n<p>El recubrimiento el\u00e1stico de <strong>los mangos RUBIFLEX\u00ae reduce el deslizamiento y ofrece el m\u00e1ximo agarre.<\/strong><\/p>\n\n\n\n<figure class=\"wp-block-image aligncenter size-large is-resized\"><img decoding=\"async\" width=\"1024\" height=\"747\" src=\"https:\/\/www.rubi.com\/es\/blog\/wp-content\/uploads\/2021\/11\/mango-rojo-1024x747.jpg\" alt=\"paleta alba\u00f1il mango rubiflex\" class=\"wp-image-30574\" style=\"width:223px;height:162px\" srcset=\"https:\/\/www.rubi.com\/es\/blog\/wp-content\/uploads\/2021\/11\/mango-rojo-1024x747.jpg 1024w, https:\/\/www.rubi.com\/es\/blog\/wp-content\/uploads\/2021\/11\/mango-rojo-300x219.jpg 300w, https:\/\/www.rubi.com\/es\/blog\/wp-content\/uploads\/2021\/11\/mango-rojo-768x560.jpg 768w, https:\/\/www.rubi.com\/es\/blog\/wp-content\/uploads\/2021\/11\/mango-rojo-1536x1120.jpg 1536w, https:\/\/www.rubi.com\/es\/blog\/wp-content\/uploads\/2021\/11\/mango-rojo.jpg 2040w\" sizes=\"(max-width: 1024px) 100vw, 1024px\" \/><\/figure>\n\n\n\n<p>Independientemente de la paleta de que elijas, usala, cuidala, limpiala, <strong>es una herramienta duradera que puede acompa\u00f1arte durante muchos a\u00f1os.<\/strong><\/p>\n\n\n\n<p><strong>Un buen profesional<\/strong> se distingue por como elige, cuida y maneja sus herramientas y la paleta de alba\u00f1il es una herramienta titular indiscutible para cualquiera de ellos.<\/p>\n\n\n\n<!--HubSpot Call-to-Action Code --><span class=\"hs-cta-wrapper\" id=\"hs-cta-wrapper-63302929-9fdf-4493-94c5-1dab4dd61545\"><span class=\"hs-cta-node hs-cta-63302929-9fdf-4493-94c5-1dab4dd61545\" id=\"hs-cta-63302929-9fdf-4493-94c5-1dab4dd61545\"><!--[if lte IE 8]><div id=\"hs-cta-ie-element\"><\/div><![endif]--><a href=\"https:\/\/cta-redirect.hubspot.com\/cta\/redirect\/6786297\/63302929-9fdf-4493-94c5-1dab4dd61545\" target=\"_blank\" rel=\"noopener\"><img decoding=\"async\" class=\"hs-cta-img\" id=\"hs-cta-img-63302929-9fdf-4493-94c5-1dab4dd61545\" style=\"border-width:0px;\" src=\"https:\/\/no-cache.hubspot.com\/cta\/default\/6786297\/63302929-9fdf-4493-94c5-1dab4dd61545.png\"  alt=\"New call-to-action\"\/><\/a><\/span><script charset=\"utf-8\" src=\"https:\/\/js.hscta.net\/cta\/current.js\"><\/script><script type=\"text\/javascript\"> hbspt.cta.load(6786297, '63302929-9fdf-4493-94c5-1dab4dd61545', {\"useNewLoader\":\"true\",\"region\":\"na1\"}); <\/script><\/span><!-- end HubSpot Call-to-Action Code -->\n\n","protected":false},"excerpt":{"rendered":"<p>La paleta de alba\u00f1il es una de esas herramientas a las que no se les da una importancia muy relevante dentro de una obra o una reforma, pero que a la hora de la verdad no podr\u00edamos hacer la gran mayor\u00eda de los trabajos sin ella. Ning\u00fan alba\u00f1il puede prescindir de esta herramienta, sea cual &hellip; <a href=\"https:\/\/www.rubi.com\/es\/blog\/como-elegir-la-paleta-de-albanil\/\">Continued<\/a><\/p>\n","protected":false},"author":53,"featured_media":30584,"comment_status":"open","ping_status":"open","sticky":false,"template":"","format":"standard","meta":{"_acf_changed":false,"content-type":"","footnotes":""},"categories":[20,122],"tags":[30,33,94,77,144],"class_list":["post-30451","post","type-post","status-publish","format-standard","has-post-thumbnail","hentry","category-herrmientas-rubi","category-noticias-sobre-el-mundo-de-la-colocacion","tag-albanil","tag-ceramica","tag-herramientas","tag-reforma","tag-rubi"],"acf":[],"yoast_head":"<!-- This site is optimized with the Yoast SEO plugin v27.4 - https:\/\/yoast.com\/product\/yoast-seo-wordpress\/ -->\n<title>C\u00f3mo elegir la paleta de alba\u00f1il<\/title>\n<meta name=\"description\" content=\"La paleta de alba\u00f1il es una de esas herramientas con la que a la hora de la verdad no podr\u00edamos hacer la gran mayor\u00eda de trabajos sin ella.\" \/>\n<meta name=\"robots\" content=\"index, follow, max-snippet:-1, max-image-preview:large, max-video-preview:-1\" \/>\n<meta property=\"og:locale\" content=\"es_ES\" \/>\n<meta property=\"og:type\" content=\"article\" \/>\n<meta property=\"og:title\" content=\"C\u00f3mo elegir la paleta de alba\u00f1il\" \/>\n<meta property=\"og:description\" content=\"La paleta de alba\u00f1il es una de esas herramientas con la que a la hora de la verdad no podr\u00edamos hacer la gran mayor\u00eda de trabajos sin ella.\" \/>\n<meta property=\"og:url\" content=\"https:\/\/www.rubi.com\/es\/blog\/como-elegir-la-paleta-de-albanil\/\" \/>\n<meta property=\"og:site_name\" content=\"RUBI Blog ES\" \/>\n<meta property=\"article:publisher\" content=\"https:\/\/www.instagram.com\/rubitools\/\" \/>\n<meta property=\"article:author\" content=\"https:\/\/www.facebook.com\/quimrubitools\/?locale=es_ES\" \/>\n<meta property=\"article:published_time\" content=\"2023-10-13T09:25:16+00:00\" \/>\n<meta property=\"article:modified_time\" content=\"2026-02-03T15:57:55+00:00\" \/>\n<meta property=\"og:image\" content=\"https:\/\/www.rubi.com\/es\/blog\/wp-content\/uploads\/2021\/11\/construction-workers-are-building-cement-walls-with-brick-blocks-scaled.jpg\" \/>\n\t<meta property=\"og:image:width\" content=\"2560\" \/>\n\t<meta property=\"og:image:height\" content=\"1707\" \/>\n\t<meta property=\"og:image:type\" content=\"image\/jpeg\" \/>\n<meta name=\"author\" content=\"Berta\" \/>\n<meta name=\"twitter:card\" content=\"summary_large_image\" \/>\n<meta name=\"twitter:title\" content=\"C\u00f3mo elegir la paleta de alba\u00f1il\" \/>\n<meta name=\"twitter:description\" content=\"La paleta de alba\u00f1il es una de esas herramientas con la que a la hora de la verdad no podr\u00edamos hacer la gran mayor\u00eda de trabajos sin ella.\" \/>\n<meta name=\"twitter:creator\" content=\"@RubiTools_Es\" \/>\n<meta name=\"twitter:site\" content=\"@RubiTools_Es\" \/>\n<meta name=\"twitter:label1\" content=\"Escrito por\" \/>\n\t<meta name=\"twitter:data1\" content=\"Berta\" \/>\n\t<meta name=\"twitter:label2\" content=\"Tiempo de lectura\" \/>\n\t<meta name=\"twitter:data2\" content=\"6 minutos\" \/>\n<!-- \/ Yoast SEO plugin. -->","yoast_head_json":{"title":"C\u00f3mo elegir la paleta de alba\u00f1il","description":"La paleta de alba\u00f1il es una de esas herramientas con la que a la hora de la verdad no podr\u00edamos hacer la gran mayor\u00eda de trabajos sin ella.","robots":{"index":"index","follow":"follow","max-snippet":"max-snippet:-1","max-image-preview":"max-image-preview:large","max-video-preview":"max-video-preview:-1"},"og_locale":"es_ES","og_type":"article","og_title":"C\u00f3mo elegir la paleta de alba\u00f1il","og_description":"La paleta de alba\u00f1il es una de esas herramientas con la que a la hora de la verdad no podr\u00edamos hacer la gran mayor\u00eda de trabajos sin ella.","og_url":"https:\/\/www.rubi.com\/es\/blog\/como-elegir-la-paleta-de-albanil\/","og_site_name":"RUBI Blog ES","article_publisher":"https:\/\/www.instagram.com\/rubitools\/","article_author":"https:\/\/www.facebook.com\/quimrubitools\/?locale=es_ES","article_published_time":"2023-10-13T09:25:16+00:00","article_modified_time":"2026-02-03T15:57:55+00:00","og_image":[{"width":2560,"height":1707,"url":"https:\/\/www.rubi.com\/es\/blog\/wp-content\/uploads\/2021\/11\/construction-workers-are-building-cement-walls-with-brick-blocks-scaled.jpg","type":"image\/jpeg"}],"author":"Berta","twitter_card":"summary_large_image","twitter_title":"C\u00f3mo elegir la paleta de alba\u00f1il","twitter_description":"La paleta de alba\u00f1il es una de esas herramientas con la que a la hora de la verdad no podr\u00edamos hacer la gran mayor\u00eda de trabajos sin ella.","twitter_creator":"@RubiTools_Es","twitter_site":"@RubiTools_Es","twitter_misc":{"Escrito por":"Berta","Tiempo de lectura":"6 minutos"},"schema":{"@context":"https:\/\/schema.org","@graph":[{"@type":"WebPage","@id":"https:\/\/www.rubi.com\/es\/blog\/como-elegir-la-paleta-de-albanil\/","url":"https:\/\/www.rubi.com\/es\/blog\/como-elegir-la-paleta-de-albanil\/","name":"C\u00f3mo elegir la paleta de alba\u00f1il","isPartOf":{"@id":"https:\/\/www.rubi.com\/es\/#website"},"primaryImageOfPage":{"@id":"https:\/\/www.rubi.com\/es\/blog\/como-elegir-la-paleta-de-albanil\/#primaryimage"},"image":{"@id":"https:\/\/www.rubi.com\/es\/blog\/como-elegir-la-paleta-de-albanil\/#primaryimage"},"thumbnailUrl":"https:\/\/www.rubi.com\/es\/blog\/wp-content\/uploads\/2021\/11\/construction-workers-are-building-cement-walls-with-brick-blocks-scaled.jpg","datePublished":"2023-10-13T09:25:16+00:00","dateModified":"2026-02-03T15:57:55+00:00","description":"La paleta de alba\u00f1il es una de esas herramientas con la que a la hora de la verdad no podr\u00edamos hacer la gran mayor\u00eda de trabajos sin ella.","breadcrumb":{"@id":"https:\/\/www.rubi.com\/es\/blog\/como-elegir-la-paleta-de-albanil\/#breadcrumb"},"inLanguage":"es","potentialAction":[{"@type":"ReadAction","target":["https:\/\/www.rubi.com\/es\/blog\/como-elegir-la-paleta-de-albanil\/"]}]},{"@type":"ImageObject","inLanguage":"es","@id":"https:\/\/www.rubi.com\/es\/blog\/como-elegir-la-paleta-de-albanil\/#primaryimage","url":"https:\/\/www.rubi.com\/es\/blog\/wp-content\/uploads\/2021\/11\/construction-workers-are-building-cement-walls-with-brick-blocks-scaled.jpg","contentUrl":"https:\/\/www.rubi.com\/es\/blog\/wp-content\/uploads\/2021\/11\/construction-workers-are-building-cement-walls-with-brick-blocks-scaled.jpg","width":2560,"height":1707,"caption":"cemento pulido"},{"@type":"BreadcrumbList","@id":"https:\/\/www.rubi.com\/es\/blog\/como-elegir-la-paleta-de-albanil\/#breadcrumb","itemListElement":[{"@type":"ListItem","position":1,"name":"Home","item":"https:\/\/www.rubi.com\/es\/"},{"@type":"ListItem","position":2,"name":"C\u00f3mo elegir la paleta de alba\u00f1il"}]},{"@type":"WebSite","@id":"https:\/\/www.rubi.com\/es\/#website","url":"https:\/\/www.rubi.com\/es\/","name":"RUBI Blog ES","description":"","publisher":{"@id":"https:\/\/www.rubi.com\/es\/#organization"},"potentialAction":[{"@type":"SearchAction","target":{"@type":"EntryPoint","urlTemplate":"https:\/\/www.rubi.com\/es\/?s={search_term_string}"},"query-input":{"@type":"PropertyValueSpecification","valueRequired":true,"valueName":"search_term_string"}}],"inLanguage":"es"},{"@type":"Organization","@id":"https:\/\/www.rubi.com\/es\/#organization","name":"RUBI Tools Espa\u00f1a Fran\u00e7ais","url":"https:\/\/www.rubi.com\/es\/","logo":{"@type":"ImageObject","inLanguage":"es","@id":"https:\/\/www.rubi.com\/es\/#\/schema\/logo\/image\/","url":"https:\/\/www.rubi.com\/fr\/blog\/wp-content\/uploads\/2021\/09\/rubi-logo-new.png","contentUrl":"https:\/\/www.rubi.com\/fr\/blog\/wp-content\/uploads\/2021\/09\/rubi-logo-new.png","width":300,"height":300,"caption":"RUBI Tools Espa\u00f1a Fran\u00e7ais"},"image":{"@id":"https:\/\/www.rubi.com\/es\/#\/schema\/logo\/image\/"},"sameAs":["https:\/\/www.instagram.com\/rubitools\/","https:\/\/x.com\/RubiTools_Es","https:\/\/www.linkedin.com\/company\/rubi-group\/","https:\/\/www.youtube.com\/c\/ClubRubi"]}]}},"_links":{"self":[{"href":"https:\/\/www.rubi.com\/es\/blog\/wp-json\/wp\/v2\/posts\/30451","targetHints":{"allow":["GET"]}}],"collection":[{"href":"https:\/\/www.rubi.com\/es\/blog\/wp-json\/wp\/v2\/posts"}],"about":[{"href":"https:\/\/www.rubi.com\/es\/blog\/wp-json\/wp\/v2\/types\/post"}],"author":[{"embeddable":true,"href":"https:\/\/www.rubi.com\/es\/blog\/wp-json\/wp\/v2\/users\/53"}],"replies":[{"embeddable":true,"href":"https:\/\/www.rubi.com\/es\/blog\/wp-json\/wp\/v2\/comments?post=30451"}],"version-history":[{"count":7,"href":"https:\/\/www.rubi.com\/es\/blog\/wp-json\/wp\/v2\/posts\/30451\/revisions"}],"predecessor-version":[{"id":91299,"href":"https:\/\/www.rubi.com\/es\/blog\/wp-json\/wp\/v2\/posts\/30451\/revisions\/91299"}],"wp:featuredmedia":[{"embeddable":true,"href":"https:\/\/www.rubi.com\/es\/blog\/wp-json\/wp\/v2\/media\/30584"}],"wp:attachment":[{"href":"https:\/\/www.rubi.com\/es\/blog\/wp-json\/wp\/v2\/media?parent=30451"}],"wp:term":[{"taxonomy":"category","embeddable":true,"href":"https:\/\/www.rubi.com\/es\/blog\/wp-json\/wp\/v2\/categories?post=30451"},{"taxonomy":"post_tag","embeddable":true,"href":"https:\/\/www.rubi.com\/es\/blog\/wp-json\/wp\/v2\/tags?post=30451"}],"curies":[{"name":"wp","href":"https:\/\/api.w.org\/{rel}","templated":true}]}}