{"id":310,"date":"2013-04-02T08:49:34","date_gmt":"2013-04-02T08:49:34","guid":{"rendered":"https:\/\/www.rubi.com\/es\/blog\/?p=310"},"modified":"2025-12-04T18:37:03","modified_gmt":"2025-12-04T16:37:03","slug":"la-rehabilitacion-energetica-de-10-millones-de-viviendas","status":"publish","type":"post","link":"https:\/\/www.rubi.com\/es\/blog\/la-rehabilitacion-energetica-de-10-millones-de-viviendas\/","title":{"rendered":"La rehabilitaci\u00f3n energ\u00e9tica de 10 millones de viviendas generar\u00e1 130.000 nuevos puestos de trabajo"},"content":{"rendered":"<p>La rehabilitaci\u00f3n energ\u00e9tica de viviendas ha sido el tema protagonista de la \u00faltima edici\u00f3n de Conama (Congreso Nacional del Medio Ambiente). Se insiste en la importancia de la rehabilitaci\u00f3n en cuanto al ahorro energ\u00e9tico, econ\u00f3mico y en la generaci\u00f3n de empleo. De hecho, se se\u00f1al\u00f3 que si esta reforma se llevase a cabo en 10 millones de viviendas se generar\u00edan un total de 130.000 nuevos puestos de trabajo.<\/p>\n<p>As\u00ed, la rehabilitaci\u00f3n energ\u00e9tica de edificios pretende ser un objetivo de primer nivel de cara a 2013, a\u00f1o de entrada en vigor de la nueva normativa sobre certificaci\u00f3n de eficiencia energ\u00e9tica en contratos de compraventa y alquiler. Estas reformas invitan reducir el gasto hasta un 82% en calefacci\u00f3n y un 60% en agua ACS (agua caliente sanitaria), lo que refuerza que un 80% de los hogares espa\u00f1oles necesita ser sometido a un proceso de rehabilitaci\u00f3n urgente.<\/p>\n<p>Para ello, se requer\u00eda de una inversi\u00f3n total de 5.000-10.000 millones de euros al a\u00f1o de fondos p\u00fablicos y privados.<\/p>\n<p>Los propietarios deber\u00edan hacer una inversi\u00f3n media para rehabilitar una vivienda en Espa\u00f1a en tanto que dejaran de pagar en su factura de energ\u00eda en 20 a\u00f1os (el confort ser\u00eda una mejora inmediata).<\/p>\n<p>En contrapartida, la econom\u00eda del pa\u00eds tendr\u00eda un \u201cfeedback\u201d inmediato. \u201cEl pa\u00eds empezar\u00eda a tener m\u00e1s ingresos por IVA, dejar\u00eda de pagar desempleo a muchos trabajadores, se recaudar\u00eda m\u00e1s por IRPF\u2026\u201d<\/p>\n<p>Fuente: Tecnoedici\u00f3n<br \/>\nEnero-febrero 2013, p\u00e1g. 44<\/p>\n","protected":false},"excerpt":{"rendered":"<p>La rehabilitaci\u00f3n energ\u00e9tica de viviendas ha sido el tema protagonista de la \u00faltima edici\u00f3n de Conama (Congreso Nacional del Medio Ambiente). Se insiste en la importancia de la rehabilitaci\u00f3n en cuanto al ahorro energ\u00e9tico, econ\u00f3mico y en la generaci\u00f3n de empleo. De hecho, se se\u00f1al\u00f3 que si esta reforma se llevase a cabo en 10 &hellip; <a href=\"https:\/\/www.rubi.com\/es\/blog\/la-rehabilitacion-energetica-de-10-millones-de-viviendas\/\">Continued<\/a><\/p>\n","protected":false},"author":53,"featured_media":397,"comment_status":"open","ping_status":"closed","sticky":false,"template":"","format":"standard","meta":{"_acf_changed":false,"content-type":"","footnotes":""},"categories":[122],"tags":[],"class_list":["post-310","post","type-post","status-publish","format-standard","has-post-thumbnail","hentry","category-noticias-sobre-el-mundo-de-la-colocacion"],"acf":[],"yoast_head":"<!-- This site is optimized with the Yoast SEO plugin v27.4 - https:\/\/yoast.com\/product\/yoast-seo-wordpress\/ -->\n<title>La rehabilitaci\u00f3n energ\u00e9tica<\/title>\n<meta name=\"description\" content=\"La rehabilitaci\u00f3n energ\u00e9tica de 10 millones de viviendas generar\u00e1 130.000 nuevos puestos de trabajo\" \/>\n<meta name=\"robots\" content=\"index, follow, max-snippet:-1, max-image-preview:large, max-video-preview:-1\" \/>\n<meta property=\"og:locale\" content=\"es_ES\" \/>\n<meta property=\"og:type\" content=\"article\" \/>\n<meta property=\"og:title\" content=\"La rehabilitaci\u00f3n energ\u00e9tica\" \/>\n<meta property=\"og:description\" content=\"La rehabilitaci\u00f3n energ\u00e9tica de 10 millones de viviendas generar\u00e1 130.000 nuevos puestos de trabajo\" \/>\n<meta property=\"og:url\" content=\"https:\/\/www.rubi.com\/es\/blog\/la-rehabilitacion-energetica-de-10-millones-de-viviendas\/\" \/>\n<meta property=\"og:site_name\" content=\"RUBI Blog ES\" \/>\n<meta property=\"article:publisher\" content=\"https:\/\/www.instagram.com\/rubitools\/\" \/>\n<meta property=\"article:author\" content=\"https:\/\/www.facebook.com\/quimrubitools\/?locale=es_ES\" \/>\n<meta property=\"article:published_time\" content=\"2013-04-02T08:49:34+00:00\" \/>\n<meta property=\"article:modified_time\" content=\"2025-12-04T16:37:03+00:00\" \/>\n<meta name=\"author\" content=\"Berta\" \/>\n<meta name=\"twitter:card\" content=\"summary_large_image\" \/>\n<meta name=\"twitter:creator\" content=\"@RubiTools_Es\" \/>\n<meta name=\"twitter:site\" content=\"@RubiTools_Es\" \/>\n<meta name=\"twitter:label1\" content=\"Escrito por\" \/>\n\t<meta name=\"twitter:data1\" content=\"Berta\" \/>\n\t<meta name=\"twitter:label2\" content=\"Tiempo de lectura\" \/>\n\t<meta name=\"twitter:data2\" content=\"1 minuto\" \/>\n<!-- \/ Yoast SEO plugin. -->","yoast_head_json":{"title":"La rehabilitaci\u00f3n energ\u00e9tica","description":"La rehabilitaci\u00f3n energ\u00e9tica de 10 millones de viviendas generar\u00e1 130.000 nuevos puestos de trabajo","robots":{"index":"index","follow":"follow","max-snippet":"max-snippet:-1","max-image-preview":"max-image-preview:large","max-video-preview":"max-video-preview:-1"},"og_locale":"es_ES","og_type":"article","og_title":"La rehabilitaci\u00f3n energ\u00e9tica","og_description":"La rehabilitaci\u00f3n energ\u00e9tica de 10 millones de viviendas generar\u00e1 130.000 nuevos puestos de trabajo","og_url":"https:\/\/www.rubi.com\/es\/blog\/la-rehabilitacion-energetica-de-10-millones-de-viviendas\/","og_site_name":"RUBI Blog ES","article_publisher":"https:\/\/www.instagram.com\/rubitools\/","article_author":"https:\/\/www.facebook.com\/quimrubitools\/?locale=es_ES","article_published_time":"2013-04-02T08:49:34+00:00","article_modified_time":"2025-12-04T16:37:03+00:00","author":"Berta","twitter_card":"summary_large_image","twitter_creator":"@RubiTools_Es","twitter_site":"@RubiTools_Es","twitter_misc":{"Escrito por":"Berta","Tiempo de lectura":"1 minuto"},"schema":{"@context":"https:\/\/schema.org","@graph":[{"@type":"WebPage","@id":"https:\/\/www.rubi.com\/es\/blog\/la-rehabilitacion-energetica-de-10-millones-de-viviendas\/","url":"https:\/\/www.rubi.com\/es\/blog\/la-rehabilitacion-energetica-de-10-millones-de-viviendas\/","name":"La rehabilitaci\u00f3n energ\u00e9tica","isPartOf":{"@id":"https:\/\/www.rubi.com\/es\/#website"},"primaryImageOfPage":{"@id":"https:\/\/www.rubi.com\/es\/blog\/la-rehabilitacion-energetica-de-10-millones-de-viviendas\/#primaryimage"},"image":{"@id":"https:\/\/www.rubi.com\/es\/blog\/la-rehabilitacion-energetica-de-10-millones-de-viviendas\/#primaryimage"},"thumbnailUrl":"","datePublished":"2013-04-02T08:49:34+00:00","dateModified":"2025-12-04T16:37:03+00:00","description":"La rehabilitaci\u00f3n energ\u00e9tica de 10 millones de viviendas generar\u00e1 130.000 nuevos puestos de trabajo","breadcrumb":{"@id":"https:\/\/www.rubi.com\/es\/blog\/la-rehabilitacion-energetica-de-10-millones-de-viviendas\/#breadcrumb"},"inLanguage":"es","potentialAction":[{"@type":"ReadAction","target":["https:\/\/www.rubi.com\/es\/blog\/la-rehabilitacion-energetica-de-10-millones-de-viviendas\/"]}]},{"@type":"ImageObject","inLanguage":"es","@id":"https:\/\/www.rubi.com\/es\/blog\/la-rehabilitacion-energetica-de-10-millones-de-viviendas\/#primaryimage","url":"","contentUrl":""},{"@type":"BreadcrumbList","@id":"https:\/\/www.rubi.com\/es\/blog\/la-rehabilitacion-energetica-de-10-millones-de-viviendas\/#breadcrumb","itemListElement":[{"@type":"ListItem","position":1,"name":"Home","item":"https:\/\/www.rubi.com\/es\/"},{"@type":"ListItem","position":2,"name":"La rehabilitaci\u00f3n energ\u00e9tica de 10 millones de viviendas generar\u00e1 130.000 nuevos puestos de trabajo"}]},{"@type":"WebSite","@id":"https:\/\/www.rubi.com\/es\/#website","url":"https:\/\/www.rubi.com\/es\/","name":"RUBI Blog ES","description":"","publisher":{"@id":"https:\/\/www.rubi.com\/es\/#organization"},"potentialAction":[{"@type":"SearchAction","target":{"@type":"EntryPoint","urlTemplate":"https:\/\/www.rubi.com\/es\/?s={search_term_string}"},"query-input":{"@type":"PropertyValueSpecification","valueRequired":true,"valueName":"search_term_string"}}],"inLanguage":"es"},{"@type":"Organization","@id":"https:\/\/www.rubi.com\/es\/#organization","name":"RUBI Tools Espa\u00f1a Fran\u00e7ais","url":"https:\/\/www.rubi.com\/es\/","logo":{"@type":"ImageObject","inLanguage":"es","@id":"https:\/\/www.rubi.com\/es\/#\/schema\/logo\/image\/","url":"https:\/\/www.rubi.com\/fr\/blog\/wp-content\/uploads\/2021\/09\/rubi-logo-new.png","contentUrl":"https:\/\/www.rubi.com\/fr\/blog\/wp-content\/uploads\/2021\/09\/rubi-logo-new.png","width":300,"height":300,"caption":"RUBI Tools Espa\u00f1a Fran\u00e7ais"},"image":{"@id":"https:\/\/www.rubi.com\/es\/#\/schema\/logo\/image\/"},"sameAs":["https:\/\/www.instagram.com\/rubitools\/","https:\/\/x.com\/RubiTools_Es","https:\/\/www.linkedin.com\/company\/rubi-group\/","https:\/\/www.youtube.com\/c\/ClubRubi"]}]}},"_links":{"self":[{"href":"https:\/\/www.rubi.com\/es\/blog\/wp-json\/wp\/v2\/posts\/310","targetHints":{"allow":["GET"]}}],"collection":[{"href":"https:\/\/www.rubi.com\/es\/blog\/wp-json\/wp\/v2\/posts"}],"about":[{"href":"https:\/\/www.rubi.com\/es\/blog\/wp-json\/wp\/v2\/types\/post"}],"author":[{"embeddable":true,"href":"https:\/\/www.rubi.com\/es\/blog\/wp-json\/wp\/v2\/users\/53"}],"replies":[{"embeddable":true,"href":"https:\/\/www.rubi.com\/es\/blog\/wp-json\/wp\/v2\/comments?post=310"}],"version-history":[{"count":-1,"href":"https:\/\/www.rubi.com\/es\/blog\/wp-json\/wp\/v2\/posts\/310\/revisions"}],"wp:featuredmedia":[{"embeddable":true,"href":"https:\/\/www.rubi.com\/es\/blog\/wp-json\/"}],"wp:attachment":[{"href":"https:\/\/www.rubi.com\/es\/blog\/wp-json\/wp\/v2\/media?parent=310"}],"wp:term":[{"taxonomy":"category","embeddable":true,"href":"https:\/\/www.rubi.com\/es\/blog\/wp-json\/wp\/v2\/categories?post=310"},{"taxonomy":"post_tag","embeddable":true,"href":"https:\/\/www.rubi.com\/es\/blog\/wp-json\/wp\/v2\/tags?post=310"}],"curies":[{"name":"wp","href":"https:\/\/api.w.org\/{rel}","templated":true}]}}