{"id":39604,"date":"2022-06-21T11:30:46","date_gmt":"2022-06-21T09:30:46","guid":{"rendered":"https:\/\/www.rubi.com\/?p=39604"},"modified":"2026-03-02T17:12:45","modified_gmt":"2026-03-02T15:12:45","slug":"corte-seco-o-humedo-en-la-obra","status":"publish","type":"post","link":"https:\/\/www.rubi.com\/es\/blog\/corte-seco-o-humedo-en-la-obra\/","title":{"rendered":"\u00bfCORTE SECO O H\u00daMEDO EN LA OBRA?"},"content":{"rendered":"\n<p>Aunque la respuesta a esta pregunta parezca obvia, en realidad es algo m\u00e1s compleja. Ya que son muchos los aspectos que hay que tener en cuenta antes de elegir si, en la obra, debemos utilizar el corte seco o el corte h\u00famedo.<\/p>\n\n\n\n<p>El m\u00e1s com\u00fan de ellos suele ser priorizar entre calidad y velocidad, pero no podemos, en ning\u00fan caso, olvidarnos de aspectos tan importantes como el entorno de trabajo o la seguridad de las personas.<\/p>\n\n\n\n<p>Antes de reflexionar sobre el tipo de corte, es muy importante conocer el procedimiento a llevar a cabo, para ello, os dejamos la mejor gu\u00eda aqu\u00ed:  <a href=\"https:\/\/www.rubi.com\/es\/blog\/cortar-ceramica\/\" target=\"_blank\" rel=\"noreferrer noopener\"><strong>Cortar cer\u00e1mica y obtener los mejores acabados posibles.<\/strong><\/a><\/p>\n\n\n<p><!--HubSpot Call-to-Action Code --><\/p>\n<p><span id=\"hs-cta-wrapper-dee1dc36-67e1-4c75-bd20-04a3a79f9429\" class=\"hs-cta-wrapper\"><span id=\"hs-cta-dee1dc36-67e1-4c75-bd20-04a3a79f9429\" class=\"hs-cta-node hs-cta-dee1dc36-67e1-4c75-bd20-04a3a79f9429\"><!-- [if lte IE 8]>\n\n\n\n<div id=\"hs-cta-ie-element\"><\/div>\n\n\n\n<![endif]--><a href=\"https:\/\/cta-redirect.hubspot.com\/cta\/redirect\/6786297\/dee1dc36-67e1-4c75-bd20-04a3a79f9429\" target=\"_blank\" rel=\"noopener\"><img decoding=\"async\" id=\"hs-cta-img-dee1dc36-67e1-4c75-bd20-04a3a79f9429\" class=\"hs-cta-img\" style=\"border-width: 0px;\" src=\"https:\/\/no-cache.hubspot.com\/cta\/default\/6786297\/dee1dc36-67e1-4c75-bd20-04a3a79f9429.png\" alt=\"* \u00bfQuieres obtener la gu\u00eda sobre C\u00f3mo conseguir los mejores acabados en  alicatado? Haz click aqu\u00ed y desc\u00e1rgatela gratis.\" \/><\/a><\/span><script charset=\"utf-8\" src=\"https:\/\/js.hscta.net\/cta\/current.js\"><\/script><script type=\"text\/javascript\"> hbspt.cta.load(6786297, 'dee1dc36-67e1-4c75-bd20-04a3a79f9429', {\"useNewLoader\":\"true\",\"region\":\"na1\"}); <\/script><\/span><\/p>\n<p><!-- end HubSpot Call-to-Action Code --><\/p>\n\n\n<figure class=\"wp-block-image size-large\"><img decoding=\"async\" width=\"1024\" height=\"683\" src=\"https:\/\/www.rubi.com\/es\/blog\/wp-content\/uploads\/2022\/06\/HONDO_STUDIO_RUBI_BRAND_2020_19-min-1-1024x683.jpg\" alt=\"corte seco\" class=\"wp-image-39615\" srcset=\"https:\/\/www.rubi.com\/es\/blog\/wp-content\/uploads\/2022\/06\/HONDO_STUDIO_RUBI_BRAND_2020_19-min-1-1024x683.jpg 1024w, https:\/\/www.rubi.com\/es\/blog\/wp-content\/uploads\/2022\/06\/HONDO_STUDIO_RUBI_BRAND_2020_19-min-1-300x200.jpg 300w, https:\/\/www.rubi.com\/es\/blog\/wp-content\/uploads\/2022\/06\/HONDO_STUDIO_RUBI_BRAND_2020_19-min-1-768x512.jpg 768w, https:\/\/www.rubi.com\/es\/blog\/wp-content\/uploads\/2022\/06\/HONDO_STUDIO_RUBI_BRAND_2020_19-min-1-1536x1025.jpg 1536w, https:\/\/www.rubi.com\/es\/blog\/wp-content\/uploads\/2022\/06\/HONDO_STUDIO_RUBI_BRAND_2020_19-min-1-2048x1366.jpg 2048w\" sizes=\"(max-width: 1024px) 100vw, 1024px\" \/><\/figure>\n\n\n\n<h2 class=\"wp-block-heading\">CORTE SECO Y CORTE H\u00daMEDO, \u00bfVELOCIDAD O CALIDAD?<\/h2>\n\n\n\n<p>Este, como ya hemos dicho antes, suele ser el primer aspecto que solemos valorar antes de elegir s\u00ed, en la obra hay que utilizar corte seco o h\u00famedo.<\/p>\n\n\n\n<p>Si, en nuestro caso, <strong>lo que premia es la necesidad de ganar velocidad en nuestros cortes<\/strong>. El corte seco es la opci\u00f3n predominante.<\/p>\n\n\n\n<p>Si por el contrario <strong>la calidad debe ser nuestra m\u00e1xima opci\u00f3n<\/strong>, entonces, el corte h\u00famedo es irrenunciable.<\/p>\n\n\n\n<p><strong>Los par\u00e1metros de calidad y velocidad suelen ser inversamente proporcionales<\/strong>, es decir, cuando ganamos uno debemos renunciar al otro y viceversa.<\/p>\n\n\n\n<p>Por supuesto, en el mercado existen soluciones intermedias que nos ofrecen un nivel de acabado de muy buena calidad, con unos ritmos de ejecuci\u00f3n altamente aceptables.<\/p>\n\n\n\n<p>Por este motivo, el post de hoy, no lo vamos a dedicar a profundizar en estos dos aspectos. Pero si lo cre\u00e9is interesante o necesario, tan solo ten\u00e9is que mostrar vuestro inter\u00e9s en los comentarios que nos dej\u00e9is despu\u00e9s de leer este art\u00edculo y, podremos dedicar un nuevo post exclusivamente a ello.<\/p>\n\n\n\n<p>Aqu\u00ed os dejamos un video de aplicaci\u00f3n donde podemos ver el acabado en ambos cortes con nuestro<strong> <a href=\"https:\/\/www.rubi.com\/es\/producto\/disco-diamante-gres-porcelanico-turbo-tcr\" target=\"_blank\" rel=\"noreferrer noopener\">TCR<\/a>:<\/strong><\/p>\n\n\n\n<figure class=\"wp-block-embed is-type-video is-provider-youtube wp-block-embed-youtube wp-embed-aspect-16-9 wp-has-aspect-ratio\"><div class=\"wp-block-embed__wrapper\">\n<iframe title=\"Disco diamante para corte de gres porcel\u00e1nico TURBO - TCR\" width=\"500\" height=\"281\" src=\"https:\/\/www.youtube.com\/embed\/5JqqYKI9z4I?feature=oembed\" frameborder=\"0\" allow=\"accelerometer; autoplay; clipboard-write; encrypted-media; gyroscope; picture-in-picture; web-share\" referrerpolicy=\"strict-origin-when-cross-origin\" allowfullscreen><\/iframe>\n<\/div><figcaption class=\"wp-element-caption\">Corte seco y corte h\u00famedo con nuestro TCR.<\/figcaption><\/figure>\n\n\n\n<p>Si est\u00e1s interesado en discos de diamante general de obra, aqu\u00ed te dejamos varios ejemplos de lo mejor del mercado:<\/p>\n\n\n\n<figure class=\"wp-block-gallery has-nested-images columns-default is-cropped wp-block-gallery-1 is-layout-flex wp-block-gallery-is-layout-flex\" id=\"https:\/\/www.rubi.com\/es\/producto\/diamante-general-obra-turbo-tsv\">\n<figure class=\"wp-block-image size-large\"><img decoding=\"async\" width=\"666\" height=\"375\" data-id=\"39668\" src=\"https:\/\/www.rubi.com\/es\/blog\/wp-content\/uploads\/2022\/06\/25916-disco-diamante-general-obra-segmentado-sev-230-pro-1-m-rubi-removebg-preview.png\" alt=\"corte-seco\" class=\"wp-image-39668\" srcset=\"https:\/\/www.rubi.com\/es\/blog\/wp-content\/uploads\/2022\/06\/25916-disco-diamante-general-obra-segmentado-sev-230-pro-1-m-rubi-removebg-preview.png 666w, https:\/\/www.rubi.com\/es\/blog\/wp-content\/uploads\/2022\/06\/25916-disco-diamante-general-obra-segmentado-sev-230-pro-1-m-rubi-removebg-preview-300x169.png 300w\" sizes=\"(max-width: 666px) 100vw, 666px\" \/><figcaption class=\"wp-element-caption\"><strong><a href=\"https:\/\/www.rubi.com\/es\/producto\/disco-diamante-general-obra-segmentado-sev\" target=\"_blank\" rel=\"noreferrer noopener\"><span class=\"has-inline-color has-white-color\">SEV PRO 230<\/span><\/a><\/strong><\/figcaption><\/figure>\n\n\n\n<figure class=\"wp-block-image size-large\"><img decoding=\"async\" width=\"666\" height=\"375\" data-id=\"39717\" src=\"https:\/\/www.rubi.com\/es\/blog\/wp-content\/uploads\/2022\/06\/30976-disco-diamante-todoterreno-segmentado-stt-230-superpro-1-m-rubi-removebg-preview-1.png\" alt=\"corte-seco\" class=\"wp-image-39717\" srcset=\"https:\/\/www.rubi.com\/es\/blog\/wp-content\/uploads\/2022\/06\/30976-disco-diamante-todoterreno-segmentado-stt-230-superpro-1-m-rubi-removebg-preview-1.png 666w, https:\/\/www.rubi.com\/es\/blog\/wp-content\/uploads\/2022\/06\/30976-disco-diamante-todoterreno-segmentado-stt-230-superpro-1-m-rubi-removebg-preview-1-300x169.png 300w\" sizes=\"(max-width: 666px) 100vw, 666px\" \/><figcaption class=\"wp-element-caption\"><strong><a href=\"https:\/\/www.rubi.com\/es\/producto\/disco-diamante-general-de-obra-segmentado-stt\" target=\"_blank\" rel=\"noreferrer noopener\"><span class=\"has-inline-color has-white-color\">STT SUPERPRO 230<\/span><\/a><\/strong><\/figcaption><\/figure>\n\n\n\n<figure class=\"wp-block-image size-large\"><img decoding=\"async\" width=\"666\" height=\"375\" data-id=\"39701\" src=\"https:\/\/www.rubi.com\/es\/blog\/wp-content\/uploads\/2022\/06\/31982-disco-diamante-general-obra-turbo-tsv-125-superpro-1-m-rubi__1_-removebg-preview-2.png\" alt=\"corte-seco\" class=\"wp-image-39701\" srcset=\"https:\/\/www.rubi.com\/es\/blog\/wp-content\/uploads\/2022\/06\/31982-disco-diamante-general-obra-turbo-tsv-125-superpro-1-m-rubi__1_-removebg-preview-2.png 666w, https:\/\/www.rubi.com\/es\/blog\/wp-content\/uploads\/2022\/06\/31982-disco-diamante-general-obra-turbo-tsv-125-superpro-1-m-rubi__1_-removebg-preview-2-300x169.png 300w\" sizes=\"(max-width: 666px) 100vw, 666px\" \/><figcaption class=\"wp-element-caption\"><a href=\"https:\/\/www.rubi.com\/es\/producto\/diamante-general-obra-turbo-tsv\"><strong><span class=\"has-inline-color has-white-color\">TSV PRO 230<\/span><\/strong><\/a><\/figcaption><\/figure>\n<\/figure>\n\n\n\n<p><\/p>\n\n\n\n<h2 class=\"wp-block-heading\">EL ENTORNO DE TRABAJO<\/h2>\n\n\n\n<p>M\u00e1s all\u00e1 de obtener los mejores cortes o de trabajar lo m\u00e1s r\u00e1pido posible debemos, como profesionales, valorar cualquier aspecto que mejore el entorno laboral. Ya sea para nosotros mismos o para terceros.<\/p>\n\n\n\n<p>B\u00e1sicamente, se trata de tener en cuenta los pros y contras antes de decidir si vamos a utilizar la t\u00e9cnica del corte seco o la del corte h\u00famedo.<\/p>\n\n\n\n<p>Si nos centramos en el entorno de trabajo o, siendo m\u00e1s espec\u00edficos, en lugar f\u00edsico donde vamos a realizar los cortes. Lo primero que se nos puede ocurrir es prever <strong>como dejaremos ese espacio durante y despu\u00e9s del trabajo.<\/strong><\/p>\n\n\n\n<p>Tal y como la mayor\u00eda ya habr\u00e9is adivinado, nos estamos refiriendo a la suciedad (cantidad y tipo) que vamos a generar.<\/p>\n\n\n\n<p>El corte seco generar\u00e1 polvo y el corte h\u00famedo, como consecuencia del uso de agua para refrigerar los cortes, puede salpicar el espacio de trabajo.<\/p>\n\n\n\n<p>Por lo general, si trabajamos en obra nueva (todos sabemos que, por naturaleza, no suele ser el entorno m\u00e1s limpio) y en espacios abiertos, la generaci\u00f3n de polvo del corte seco no deber\u00eda ser un problema para el lugar de trabajo. Aunque tampoco lo ser\u00e1 trabajar en h\u00famedo.<\/p>\n\n\n\n<!--HubSpot Call-to-Action Code --><span class=\"hs-cta-wrapper\" id=\"hs-cta-wrapper-d5ae5e7e-96e5-45f6-859b-351ca2061108\"><span class=\"hs-cta-node hs-cta-d5ae5e7e-96e5-45f6-859b-351ca2061108\" id=\"hs-cta-d5ae5e7e-96e5-45f6-859b-351ca2061108\"><!--[if lte IE 8]><div id=\"hs-cta-ie-element\"><\/div><![endif]--><a href=\"https:\/\/cta-redirect.hubspot.com\/cta\/redirect\/6786297\/d5ae5e7e-96e5-45f6-859b-351ca2061108\" target=\"_blank\" rel=\"noopener\"><img decoding=\"async\" class=\"hs-cta-img\" id=\"hs-cta-img-d5ae5e7e-96e5-45f6-859b-351ca2061108\" style=\"border-width:0px;\" src=\"https:\/\/no-cache.hubspot.com\/cta\/default\/6786297\/d5ae5e7e-96e5-45f6-859b-351ca2061108.png\"  alt=\"New call-to-action\"\/><\/a><\/span><script charset=\"utf-8\" src=\"https:\/\/js.hscta.net\/cta\/current.js\"><\/script><script type=\"text\/javascript\"> hbspt.cta.load(6786297, 'd5ae5e7e-96e5-45f6-859b-351ca2061108', {\"useNewLoader\":\"true\",\"region\":\"na1\"}); <\/script><\/span><!-- end HubSpot Call-to-Action Code -->\n\n\n\n\n<p>Seamos sinceros\u2026 en obra nueva y espacios abiertos, ensuciar, no suele ser algo que nos suela preocupar en exceso.<\/p>\n\n\n\n<p>Por supuesto, si debemos trabajar en espacios cerrados, la suciedad generada s\u00ed puede suponer un problema para el entorno de trabajo. Sobre todo, si tenemos en cuenta que el proceso de instalaci\u00f3n de cer\u00e1mica ya es, per se, un proceso de acabado.<\/p>\n\n\n\n<p>\u00a1Qu\u00e9 decir, si adem\u00e1s de en un entorno cerrado, trabajamos en una reforma parcial! <strong>Ser lo m\u00e1s limpio posible<\/strong> o, en su defecto ensuciar lo menos posible, ser\u00e1 algo que nuestra clientela agradecer\u00e1 enormemente.<\/p>\n\n\n\n<p><strong>\u00a1No es m\u00e1s limpio el que m\u00e1s limpia, sino el que menos ensucia!<\/strong><\/p>\n\n\n\n<p>En estos casos, el corte h\u00famedo ser\u00e1 la opci\u00f3n m\u00e1s recomendable en todos los aspectos, ya que limpiar o, al menos, controlar las salpicaduras de agua es mucho m\u00e1s f\u00e1cil que intentar controlar el polvo generado por el corte seco. A\u00fan utilizando aspiradores, una parte siempre queda en suspensi\u00f3n y solo cuando, por el efecto de la gravedad, se deposita en una superficie podemos darnos cuenta de ello.<\/p>\n\n\n\n<p>Respecto al corte h\u00famedo, desde RUBI hemos patentado una soluci\u00f3n para este tipo de problemas, el <strong>sistema ZERO DUST <\/strong>y <strong>C3 PYTHON<\/strong>, os mostramos un ejemplo con la <strong>DCX EXPERT<\/strong>:<\/p>\n\n\n\n<figure class=\"wp-block-embed is-type-video is-provider-youtube wp-block-embed-youtube wp-embed-aspect-16-9 wp-has-aspect-ratio\"><div class=\"wp-block-embed__wrapper\">\n<iframe title=\"La Cortadora El\u00e9ctrica de RUBI Con La Mejor Refrigeraci\u00f3n, La DCX XPERT\" width=\"500\" height=\"281\" src=\"https:\/\/www.youtube.com\/embed\/ZHIc09aVGcM?feature=oembed\" frameborder=\"0\" allow=\"accelerometer; autoplay; clipboard-write; encrypted-media; gyroscope; picture-in-picture; web-share\" referrerpolicy=\"strict-origin-when-cross-origin\" allowfullscreen><\/iframe>\n<\/div><\/figure>\n\n\n\n<h3 class=\"wp-block-heading\"> \u00bfY LA SEGURIDAD PERSONAL? <\/h3>\n\n\n\n<p>Aunque pueden ser bastantes los riesgos personales que se pueden generar al trabajar con corte seco y corte h\u00famedo hay uno, que es, sin ninguna duda, de los m\u00e1s importantes y preocupantes.<\/p>\n\n\n\n<p>Me refiero, como algunos ya habr\u00e9is adivinado, a la inhalaci\u00f3n de part\u00edculas de s\u00edlice cristalina.<\/p>\n\n\n\n<p>Algunas de las consecuencias de inhalar las part\u00edculas de s\u00edlice cristalina son: cicatrices irreversibles en los pulmones, problemas respiratorios o incluso c\u00e1ncer de pulm\u00f3n, entre otras.<\/p>\n\n\n\n<p>En primer lugar, me gustar\u00eda aclarar que el riesgo de inhalar part\u00edculas de s\u00edlice cristalina no es exclusivo del corte seco.<\/p>\n\n\n\n<p>Si \u00a1hab\u00e9is le\u00eddo bien!<\/p>\n\n\n\n<p>Aunque sea en menor medida, al trabajar con corte h\u00famedo, tambi\u00e9n existe riesgo de inhalar estas part\u00edculas.<\/p>\n\n\n\n<h3 class=\"wp-block-heading\"> \u00bfY C\u00d3MO ES POSIBLE? <\/h3>\n\n\n\n<p>Pues b\u00e1sicamente el agua atrapa el polvo generado durante el corte, pero parte se ese polvo se libera cuando la gota de agua se rompe al impactar con elementos deflectores o cualquier otro obst\u00e1culo. Como ya hemos dicho, es en menor medida, pero este, puede ser inhalado.<\/p>\n\n\n\n<h2 class=\"wp-block-heading\">ENTONCES&#8230;\u00bfCU\u00c1L ES LA MEJOR OPCI\u00d3N, CORTE SECO O H\u00daMEDO?<\/h2>\n\n\n\n<p><strong>La mejor opci\u00f3n es el corte h\u00famedo<\/strong>, ya que es el que, en menor medida, genera un riesgo para nuestra persona y la de terceros, es la que ofrece unos acabados de mayor calidad y la que permite un mejor control del entorno laboral.<\/p>\n\n\n\n<p>De todas formas, no debemos descartar el corte seco. El corte seco es una opci\u00f3n perfectamente viable, pero requiere algo m\u00e1s de atenci\u00f3n y, sobre todo, prevenci\u00f3n.<\/p>\n\n\n\n<p>Muy importante tener en cuenta, el <strong>uso de equipos de protecci\u00f3n<\/strong> respiratoria, visual y auditiva, as\u00ed como de equipos de extracci\u00f3n que nos ayuden a reducir la cantidad de part\u00edculas respirables y el uso de maquinaria certificada que cuente con sistemas integrados que ayuden a minimizar este riesgo.<\/p>\n\n\n\n<figure class=\"wp-block-gallery has-nested-images columns-3 is-cropped wp-block-gallery-2 is-layout-flex wp-block-gallery-is-layout-flex\" id=\"https:\/\/www.rubi.com\/es\/protector-auditivo-r497-\">\n<figure class=\"wp-block-image size-large\"><img decoding=\"async\" width=\"834\" height=\"834\" data-id=\"39639\" src=\"https:\/\/www.rubi.com\/es\/blog\/wp-content\/uploads\/2022\/06\/auriculares_page-0001.jpg\" alt=\"protecci\u00f3n-en-la-obra\" class=\"wp-image-39639\" srcset=\"https:\/\/www.rubi.com\/es\/blog\/wp-content\/uploads\/2022\/06\/auriculares_page-0001.jpg 834w, https:\/\/www.rubi.com\/es\/blog\/wp-content\/uploads\/2022\/06\/auriculares_page-0001-300x300.jpg 300w, https:\/\/www.rubi.com\/es\/blog\/wp-content\/uploads\/2022\/06\/auriculares_page-0001-150x150.jpg 150w, https:\/\/www.rubi.com\/es\/blog\/wp-content\/uploads\/2022\/06\/auriculares_page-0001-768x768.jpg 768w\" sizes=\"(max-width: 834px) 100vw, 834px\" \/><\/figure>\n\n\n\n<figure class=\"wp-block-image size-large\"><img decoding=\"async\" width=\"834\" height=\"834\" data-id=\"39647\" src=\"https:\/\/www.rubi.com\/es\/blog\/wp-content\/uploads\/2022\/06\/Sin-titulo-1-Recuperado-masca_page-0001.jpg\" alt=\"protecci\u00f3n-en-la-obra\" class=\"wp-image-39647\" srcset=\"https:\/\/www.rubi.com\/es\/blog\/wp-content\/uploads\/2022\/06\/Sin-titulo-1-Recuperado-masca_page-0001.jpg 834w, https:\/\/www.rubi.com\/es\/blog\/wp-content\/uploads\/2022\/06\/Sin-titulo-1-Recuperado-masca_page-0001-300x300.jpg 300w, https:\/\/www.rubi.com\/es\/blog\/wp-content\/uploads\/2022\/06\/Sin-titulo-1-Recuperado-masca_page-0001-150x150.jpg 150w, https:\/\/www.rubi.com\/es\/blog\/wp-content\/uploads\/2022\/06\/Sin-titulo-1-Recuperado-masca_page-0001-768x768.jpg 768w\" sizes=\"(max-width: 834px) 100vw, 834px\" \/><\/figure>\n\n\n\n<figure class=\"wp-block-image size-large\"><img decoding=\"async\" width=\"834\" height=\"834\" data-id=\"39655\" src=\"https:\/\/www.rubi.com\/es\/blog\/wp-content\/uploads\/2022\/06\/Sin-titulo-1-Recuperado-copia_page-0001.jpg\" alt=\"protecci\u00f3n-en-la-obra\" class=\"wp-image-39655\" srcset=\"https:\/\/www.rubi.com\/es\/blog\/wp-content\/uploads\/2022\/06\/Sin-titulo-1-Recuperado-copia_page-0001.jpg 834w, https:\/\/www.rubi.com\/es\/blog\/wp-content\/uploads\/2022\/06\/Sin-titulo-1-Recuperado-copia_page-0001-300x300.jpg 300w, https:\/\/www.rubi.com\/es\/blog\/wp-content\/uploads\/2022\/06\/Sin-titulo-1-Recuperado-copia_page-0001-150x150.jpg 150w, https:\/\/www.rubi.com\/es\/blog\/wp-content\/uploads\/2022\/06\/Sin-titulo-1-Recuperado-copia_page-0001-768x768.jpg 768w\" sizes=\"(max-width: 834px) 100vw, 834px\" \/><\/figure>\n<\/figure>\n\n\n\n<p>Bueno. Esperamos no haberos asustado demasiado con la parte final del post. Nuestra intenci\u00f3n no es, en absoluto, ser alarmistas. Pero si con ello, conseguimos concienciar, aunque solo sea un poquito en las personas que nos est\u00e1is leyendo, ya nos sentiremos satisfechos.<\/p>\n\n\n\n<p>Disfrutar de nuestro oficio y hacerlo con seguridad debe ser nuestra m\u00e1xima prioridad.<\/p>\n\n\n\n<p>Como siempre, nos despedimos pidi\u00e9ndoos vuestros comentarios y opiniones. Saludos.<\/p>\n\n\n\n<!--HubSpot Call-to-Action Code --><span class=\"hs-cta-wrapper\" id=\"hs-cta-wrapper-63302929-9fdf-4493-94c5-1dab4dd61545\"><span class=\"hs-cta-node hs-cta-63302929-9fdf-4493-94c5-1dab4dd61545\" id=\"hs-cta-63302929-9fdf-4493-94c5-1dab4dd61545\"><!--[if lte IE 8]><div id=\"hs-cta-ie-element\"><\/div><![endif]--><a href=\"https:\/\/cta-redirect.hubspot.com\/cta\/redirect\/6786297\/63302929-9fdf-4493-94c5-1dab4dd61545\" target=\"_blank\" rel=\"noopener\"><img decoding=\"async\" class=\"hs-cta-img\" id=\"hs-cta-img-63302929-9fdf-4493-94c5-1dab4dd61545\" style=\"border-width:0px;\" src=\"https:\/\/no-cache.hubspot.com\/cta\/default\/6786297\/63302929-9fdf-4493-94c5-1dab4dd61545.png\"  alt=\"New call-to-action\"\/><\/a><\/span><script charset=\"utf-8\" src=\"https:\/\/js.hscta.net\/cta\/current.js\"><\/script><script type=\"text\/javascript\"> hbspt.cta.load(6786297, '63302929-9fdf-4493-94c5-1dab4dd61545', {\"useNewLoader\":\"true\",\"region\":\"na1\"}); <\/script><\/span><!-- end HubSpot Call-to-Action Code -->\n\n","protected":false},"excerpt":{"rendered":"<p>Aunque la respuesta a esta pregunta parezca obvia, en realidad es algo m\u00e1s compleja. Ya que son muchos los aspectos que hay que tener en cuenta antes de elegir si, en la obra, debemos utilizar el corte seco o el corte h\u00famedo. El m\u00e1s com\u00fan de ellos suele ser priorizar entre calidad y velocidad, pero &hellip; <a href=\"https:\/\/www.rubi.com\/es\/blog\/corte-seco-o-humedo-en-la-obra\/\">Continued<\/a><\/p>\n","protected":false},"author":53,"featured_media":39623,"comment_status":"open","ping_status":"open","sticky":false,"template":"","format":"standard","meta":{"_acf_changed":false,"content-type":"","footnotes":""},"categories":[20],"tags":[33,141,82,62,94],"class_list":["post-39604","post","type-post","status-publish","format-standard","has-post-thumbnail","hentry","category-herrmientas-rubi","tag-ceramica","tag-cortadora-electrica-de-ceramica","tag-corte-inglete","tag-gres-porcelanico","tag-herramientas"],"acf":[],"yoast_head":"<!-- This site is optimized with the Yoast SEO plugin v27.4 - https:\/\/yoast.com\/product\/yoast-seo-wordpress\/ -->\n<title>\u00bfCORTE SECO O H\u00daMEDO EN LA OBRA? &#8211; RUBI Blog ES<\/title>\n<meta name=\"description\" content=\"\u00bfVelocidad o Calidad? Diferencias, ventajas e inconvenientes con el corte seco y el corte h\u00famedo en la obra, asegurar un entorno limpio.\" \/>\n<meta name=\"robots\" content=\"index, follow, max-snippet:-1, max-image-preview:large, max-video-preview:-1\" \/>\n<meta property=\"og:locale\" content=\"es_ES\" \/>\n<meta property=\"og:type\" content=\"article\" \/>\n<meta property=\"og:title\" content=\"\u00bfCORTE SECO O H\u00daMEDO EN LA OBRA? &#8211; RUBI Blog ES\" \/>\n<meta property=\"og:description\" content=\"\u00bfVelocidad o Calidad? Diferencias, ventajas e inconvenientes con el corte seco y el corte h\u00famedo en la obra, asegurar un entorno limpio.\" \/>\n<meta property=\"og:url\" content=\"https:\/\/www.rubi.com\/es\/blog\/corte-seco-o-humedo-en-la-obra\/\" \/>\n<meta property=\"og:site_name\" content=\"RUBI Blog ES\" \/>\n<meta property=\"article:publisher\" content=\"https:\/\/www.instagram.com\/rubitools\/\" \/>\n<meta property=\"article:author\" content=\"https:\/\/www.facebook.com\/quimrubitools\/?locale=es_ES\" \/>\n<meta property=\"article:published_time\" content=\"2022-06-21T09:30:46+00:00\" \/>\n<meta property=\"article:modified_time\" content=\"2026-03-02T15:12:45+00:00\" \/>\n<meta property=\"og:image\" content=\"https:\/\/www.rubi.com\/es\/blog\/wp-content\/uploads\/2022\/06\/HONDO_STUDIO_RUBI_BRAND_2020_19-min-2-scaled.jpg\" \/>\n\t<meta property=\"og:image:width\" content=\"2560\" \/>\n\t<meta property=\"og:image:height\" content=\"1708\" \/>\n\t<meta property=\"og:image:type\" content=\"image\/jpeg\" \/>\n<meta name=\"author\" content=\"Berta\" \/>\n<meta name=\"twitter:card\" content=\"summary_large_image\" \/>\n<meta name=\"twitter:creator\" content=\"@RubiTools_Es\" \/>\n<meta name=\"twitter:site\" content=\"@RubiTools_Es\" \/>\n<meta name=\"twitter:label1\" content=\"Escrito por\" \/>\n\t<meta name=\"twitter:data1\" content=\"Berta\" \/>\n\t<meta name=\"twitter:label2\" content=\"Tiempo de lectura\" \/>\n\t<meta name=\"twitter:data2\" content=\"7 minutos\" \/>\n<!-- \/ Yoast SEO plugin. -->","yoast_head_json":{"title":"\u00bfCORTE SECO O H\u00daMEDO EN LA OBRA? &#8211; RUBI Blog ES","description":"\u00bfVelocidad o Calidad? Diferencias, ventajas e inconvenientes con el corte seco y el corte h\u00famedo en la obra, asegurar un entorno limpio.","robots":{"index":"index","follow":"follow","max-snippet":"max-snippet:-1","max-image-preview":"max-image-preview:large","max-video-preview":"max-video-preview:-1"},"og_locale":"es_ES","og_type":"article","og_title":"\u00bfCORTE SECO O H\u00daMEDO EN LA OBRA? &#8211; RUBI Blog ES","og_description":"\u00bfVelocidad o Calidad? Diferencias, ventajas e inconvenientes con el corte seco y el corte h\u00famedo en la obra, asegurar un entorno limpio.","og_url":"https:\/\/www.rubi.com\/es\/blog\/corte-seco-o-humedo-en-la-obra\/","og_site_name":"RUBI Blog ES","article_publisher":"https:\/\/www.instagram.com\/rubitools\/","article_author":"https:\/\/www.facebook.com\/quimrubitools\/?locale=es_ES","article_published_time":"2022-06-21T09:30:46+00:00","article_modified_time":"2026-03-02T15:12:45+00:00","og_image":[{"width":2560,"height":1708,"url":"https:\/\/www.rubi.com\/es\/blog\/wp-content\/uploads\/2022\/06\/HONDO_STUDIO_RUBI_BRAND_2020_19-min-2-scaled.jpg","type":"image\/jpeg"}],"author":"Berta","twitter_card":"summary_large_image","twitter_creator":"@RubiTools_Es","twitter_site":"@RubiTools_Es","twitter_misc":{"Escrito por":"Berta","Tiempo de lectura":"7 minutos"},"schema":{"@context":"https:\/\/schema.org","@graph":[{"@type":"WebPage","@id":"https:\/\/www.rubi.com\/es\/blog\/corte-seco-o-humedo-en-la-obra\/","url":"https:\/\/www.rubi.com\/es\/blog\/corte-seco-o-humedo-en-la-obra\/","name":"\u00bfCORTE SECO O H\u00daMEDO EN LA OBRA? &#8211; RUBI Blog ES","isPartOf":{"@id":"https:\/\/www.rubi.com\/es\/#website"},"primaryImageOfPage":{"@id":"https:\/\/www.rubi.com\/es\/blog\/corte-seco-o-humedo-en-la-obra\/#primaryimage"},"image":{"@id":"https:\/\/www.rubi.com\/es\/blog\/corte-seco-o-humedo-en-la-obra\/#primaryimage"},"thumbnailUrl":"https:\/\/www.rubi.com\/es\/blog\/wp-content\/uploads\/2022\/06\/HONDO_STUDIO_RUBI_BRAND_2020_19-min-2-scaled.jpg","datePublished":"2022-06-21T09:30:46+00:00","dateModified":"2026-03-02T15:12:45+00:00","description":"\u00bfVelocidad o Calidad? Diferencias, ventajas e inconvenientes con el corte seco y el corte h\u00famedo en la obra, asegurar un entorno limpio.","breadcrumb":{"@id":"https:\/\/www.rubi.com\/es\/blog\/corte-seco-o-humedo-en-la-obra\/#breadcrumb"},"inLanguage":"es","potentialAction":[{"@type":"ReadAction","target":["https:\/\/www.rubi.com\/es\/blog\/corte-seco-o-humedo-en-la-obra\/"]}]},{"@type":"ImageObject","inLanguage":"es","@id":"https:\/\/www.rubi.com\/es\/blog\/corte-seco-o-humedo-en-la-obra\/#primaryimage","url":"https:\/\/www.rubi.com\/es\/blog\/wp-content\/uploads\/2022\/06\/HONDO_STUDIO_RUBI_BRAND_2020_19-min-2-scaled.jpg","contentUrl":"https:\/\/www.rubi.com\/es\/blog\/wp-content\/uploads\/2022\/06\/HONDO_STUDIO_RUBI_BRAND_2020_19-min-2-scaled.jpg","width":2560,"height":1708},{"@type":"BreadcrumbList","@id":"https:\/\/www.rubi.com\/es\/blog\/corte-seco-o-humedo-en-la-obra\/#breadcrumb","itemListElement":[{"@type":"ListItem","position":1,"name":"Home","item":"https:\/\/www.rubi.com\/es\/"},{"@type":"ListItem","position":2,"name":"\u00bfCORTE SECO O H\u00daMEDO EN LA OBRA?"}]},{"@type":"WebSite","@id":"https:\/\/www.rubi.com\/es\/#website","url":"https:\/\/www.rubi.com\/es\/","name":"RUBI Blog ES","description":"","publisher":{"@id":"https:\/\/www.rubi.com\/es\/#organization"},"potentialAction":[{"@type":"SearchAction","target":{"@type":"EntryPoint","urlTemplate":"https:\/\/www.rubi.com\/es\/?s={search_term_string}"},"query-input":{"@type":"PropertyValueSpecification","valueRequired":true,"valueName":"search_term_string"}}],"inLanguage":"es"},{"@type":"Organization","@id":"https:\/\/www.rubi.com\/es\/#organization","name":"RUBI Tools Espa\u00f1a Fran\u00e7ais","url":"https:\/\/www.rubi.com\/es\/","logo":{"@type":"ImageObject","inLanguage":"es","@id":"https:\/\/www.rubi.com\/es\/#\/schema\/logo\/image\/","url":"https:\/\/www.rubi.com\/fr\/blog\/wp-content\/uploads\/2021\/09\/rubi-logo-new.png","contentUrl":"https:\/\/www.rubi.com\/fr\/blog\/wp-content\/uploads\/2021\/09\/rubi-logo-new.png","width":300,"height":300,"caption":"RUBI Tools Espa\u00f1a Fran\u00e7ais"},"image":{"@id":"https:\/\/www.rubi.com\/es\/#\/schema\/logo\/image\/"},"sameAs":["https:\/\/www.instagram.com\/rubitools\/","https:\/\/x.com\/RubiTools_Es","https:\/\/www.linkedin.com\/company\/rubi-group\/","https:\/\/www.youtube.com\/c\/ClubRubi"]}]}},"_links":{"self":[{"href":"https:\/\/www.rubi.com\/es\/blog\/wp-json\/wp\/v2\/posts\/39604","targetHints":{"allow":["GET"]}}],"collection":[{"href":"https:\/\/www.rubi.com\/es\/blog\/wp-json\/wp\/v2\/posts"}],"about":[{"href":"https:\/\/www.rubi.com\/es\/blog\/wp-json\/wp\/v2\/types\/post"}],"author":[{"embeddable":true,"href":"https:\/\/www.rubi.com\/es\/blog\/wp-json\/wp\/v2\/users\/53"}],"replies":[{"embeddable":true,"href":"https:\/\/www.rubi.com\/es\/blog\/wp-json\/wp\/v2\/comments?post=39604"}],"version-history":[{"count":12,"href":"https:\/\/www.rubi.com\/es\/blog\/wp-json\/wp\/v2\/posts\/39604\/revisions"}],"predecessor-version":[{"id":92160,"href":"https:\/\/www.rubi.com\/es\/blog\/wp-json\/wp\/v2\/posts\/39604\/revisions\/92160"}],"wp:featuredmedia":[{"embeddable":true,"href":"https:\/\/www.rubi.com\/es\/blog\/wp-json\/wp\/v2\/media\/39623"}],"wp:attachment":[{"href":"https:\/\/www.rubi.com\/es\/blog\/wp-json\/wp\/v2\/media?parent=39604"}],"wp:term":[{"taxonomy":"category","embeddable":true,"href":"https:\/\/www.rubi.com\/es\/blog\/wp-json\/wp\/v2\/categories?post=39604"},{"taxonomy":"post_tag","embeddable":true,"href":"https:\/\/www.rubi.com\/es\/blog\/wp-json\/wp\/v2\/tags?post=39604"}],"curies":[{"name":"wp","href":"https:\/\/api.w.org\/{rel}","templated":true}]}}