{"id":81994,"date":"2024-11-22T08:00:00","date_gmt":"2024-11-22T06:00:00","guid":{"rendered":"https:\/\/www.rubi.com\/?p=81994"},"modified":"2026-01-28T13:26:17","modified_gmt":"2026-01-28T11:26:17","slug":"cuales-son-las-ventajas-de-una-fachada-ventilada-de-ceramica","status":"publish","type":"post","link":"https:\/\/www.rubi.com\/es\/blog\/cuales-son-las-ventajas-de-una-fachada-ventilada-de-ceramica\/","title":{"rendered":"\u00bfCu\u00e1les son las ventajas de una fachada ventilada de cer\u00e1mica?\u00a0"},"content":{"rendered":"\n<p>Una <strong>fachada ventilada cer\u00e1mica<\/strong> es una de las soluciones m\u00e1s eficientes y sostenibles para el aislamiento t\u00e9rmico y ac\u00fastico de edificios, cada vez m\u00e1s popular entre los profesionales de la construcci\u00f3n. Su dise\u00f1o permite una mejor protecci\u00f3n del inmueble contra las condiciones clim\u00e1ticas extremas, mejora la eficiencia energ\u00e9tica y ofrece un bajo mantenimiento a largo plazo. En este art\u00edculo, profundizaremos en las ventajas clave de este sistema. Destacando las caracter\u00edsticas del material cer\u00e1mico y c\u00f3mo utilizar las herramientas de <strong>RUBI<\/strong> para la instalaci\u00f3n de fachadas ventiladas.&nbsp;<\/p>\n\n\n\n<!--HubSpot Call-to-Action Code --><span class=\"hs-cta-wrapper\" id=\"hs-cta-wrapper-dee1dc36-67e1-4c75-bd20-04a3a79f9429\"><span class=\"hs-cta-node hs-cta-dee1dc36-67e1-4c75-bd20-04a3a79f9429\" id=\"hs-cta-dee1dc36-67e1-4c75-bd20-04a3a79f9429\"><!--[if lte IE 8]><div id=\"hs-cta-ie-element\"><\/div><![endif]--><a href=\"https:\/\/cta-redirect.hubspot.com\/cta\/redirect\/6786297\/dee1dc36-67e1-4c75-bd20-04a3a79f9429\" target=\"_blank\" rel=\"noopener\"><img decoding=\"async\" class=\"hs-cta-img\" id=\"hs-cta-img-dee1dc36-67e1-4c75-bd20-04a3a79f9429\" style=\"border-width:0px;\" src=\"https:\/\/no-cache.hubspot.com\/cta\/default\/6786297\/dee1dc36-67e1-4c75-bd20-04a3a79f9429.png\"  alt=\"* \u00bfQuieres obtener la gu\u00eda sobre C\u00f3mo conseguir los mejores acabados en  alicatado? Haz click aqu\u00ed y desc\u00e1rgatela gratis.\"\/><\/a><\/span><script charset=\"utf-8\" src=\"https:\/\/js.hscta.net\/cta\/current.js\"><\/script><script type=\"text\/javascript\"> hbspt.cta.load(6786297, 'dee1dc36-67e1-4c75-bd20-04a3a79f9429', {\"useNewLoader\":\"true\",\"region\":\"na1\"}); <\/script><\/span><!-- end HubSpot Call-to-Action Code -->\n\n\n\n<h2 class=\"wp-block-heading\"><strong>\u00bfQu\u00e9 es una fachada ventilada cer\u00e1mica?<\/strong>&nbsp;<\/h2>\n\n\n\n<p>La fachada ventilada es un sistema constructivo que consiste en la instalaci\u00f3n de una doble pared, una capa interior de aislamiento t\u00e9rmico y ac\u00fastico, y una exterior de revestimiento cer\u00e1mico, con una c\u00e1mara de aire entre ambas. Esta c\u00e1mara genera un \u00abefecto chimenea\u00bb que favorece la ventilaci\u00f3n natural y permite la evacuaci\u00f3n de la humedad y el calor. El revestimiento cer\u00e1mico no solo cumple una funci\u00f3n est\u00e9tica, sino que tambi\u00e9n protege la estructura y mejora el rendimiento energ\u00e9tico del edificio.&nbsp;<\/p>\n\n\n\n<h2 class=\"wp-block-heading\"><strong>Ventajas de la fachada ventilada cer\u00e1mica<\/strong>&nbsp;<\/h2>\n\n\n\n<ol start=\"1\" class=\"wp-block-list\">\n<li><strong>Aislamiento t\u00e9rmico eficiente<\/strong>: Una de las principales ventajas de la fachada ventilada cer\u00e1mica es su capacidad para mejorar el aislamiento t\u00e9rmico del edificio. Gracias a la c\u00e1mara de aire entre el aislante y el revestimiento cer\u00e1mico, se reduce la transmisi\u00f3n de calor desde el exterior hacia el interior. Esto genera un ahorro considerable en el consumo energ\u00e9tico de calefacci\u00f3n en invierno y aire acondicionado en verano.&nbsp;<\/li>\n<\/ol>\n\n\n\n<ol start=\"2\" class=\"wp-block-list\">\n<li><strong>Aislamiento ac\u00fastico superior<\/strong>: La cer\u00e1mica utilizada en las fachadas ventiladas tambi\u00e9n contribuye a un mejor aislamiento ac\u00fastico, lo que resulta especialmente \u00fatil en zonas urbanas donde el ruido es un factor a tener en cuenta. La doble capa de material y la c\u00e1mara de aire intermedia absorben y reducen el impacto del sonido exterior.&nbsp;<\/li>\n<\/ol>\n\n\n\n<ol start=\"3\" class=\"wp-block-list\">\n<li><strong>Resistencia a las condiciones clim\u00e1ticas<\/strong>: La cer\u00e1mica es un material altamente resistente a las inclemencias del tiempo, como la lluvia, el viento y los cambios bruscos de temperatura. Adem\u00e1s, su baja porosidad evita la absorci\u00f3n de humedad, lo que protege las fachadas de problemas comunes como las <strong><a href=\"https:\/\/www.rubi.com\/es\/blog\/eflorescencias\/\" target=\"_blank\" rel=\"noreferrer noopener\">eflorescencias<\/a><\/strong>, que afectan a otros tipos de materiales.&nbsp;<\/li>\n<\/ol>\n\n\n\n<ol start=\"4\" class=\"wp-block-list\">\n<li><strong>Bajo mantenimiento y durabilidad<\/strong>: Las fachadas ventiladas de cer\u00e1mica requieren un mantenimiento m\u00ednimo. Ya que son muy resistentes al desgaste y no se deterioran con facilidad frente a agentes externos. La cer\u00e1mica es f\u00e1cil de limpiar y no se ve afectada por el paso del tiempo, lo que garantiza una apariencia impecable durante d\u00e9cadas.&nbsp;<\/li>\n<\/ol>\n\n\n\n<ol start=\"5\" class=\"wp-block-list\">\n<li><strong>Sostenibilidad y eficiencia energ\u00e9tica<\/strong>: Adem\u00e1s de reducir el consumo energ\u00e9tico, el uso de materiales cer\u00e1micos en fachadas ventiladas es una opci\u00f3n respetuosa con el medio ambiente. La cer\u00e1mica es un material reciclable y su durabilidad minimiza la necesidad de renovaciones y reparaciones, lo que reduce el impacto ambiental a largo plazo.&nbsp;<\/li>\n<\/ol>\n\n\n\n<ol start=\"6\" class=\"wp-block-list\">\n<li><strong>Est\u00e9tica y versatilidad<\/strong>: El revestimiento cer\u00e1mico ofrece una amplia variedad de colores, texturas y acabados. Permitiendo a los arquitectos y constructores adaptarse a cualquier dise\u00f1o est\u00e9tico. Desde fachadas minimalistas hasta acabados m\u00e1s ornamentados, la cer\u00e1mica ofrece versatilidad sin sacrificar las propiedades t\u00e9cnicas.&nbsp;<\/li>\n<\/ol>\n\n\n\n<figure class=\"wp-block-image size-large\"><img decoding=\"async\" width=\"1024\" height=\"683\" src=\"https:\/\/www.rubi.com\/es\/blog\/wp-content\/uploads\/2024\/11\/shutterstock_1123262048_11zon-1024x683.jpg\" alt=\"fachada ventilada cer\u00e1mica\" class=\"wp-image-82056\" srcset=\"https:\/\/www.rubi.com\/es\/blog\/wp-content\/uploads\/2024\/11\/shutterstock_1123262048_11zon-1024x683.jpg 1024w, https:\/\/www.rubi.com\/es\/blog\/wp-content\/uploads\/2024\/11\/shutterstock_1123262048_11zon-300x200.jpg 300w, https:\/\/www.rubi.com\/es\/blog\/wp-content\/uploads\/2024\/11\/shutterstock_1123262048_11zon-768x512.jpg 768w, https:\/\/www.rubi.com\/es\/blog\/wp-content\/uploads\/2024\/11\/shutterstock_1123262048_11zon-1536x1024.jpg 1536w, https:\/\/www.rubi.com\/es\/blog\/wp-content\/uploads\/2024\/11\/shutterstock_1123262048_11zon-2048x1365.jpg 2048w\" sizes=\"(max-width: 1024px) 100vw, 1024px\" \/><\/figure>\n\n\n\n<!--HubSpot Call-to-Action Code --><span class=\"hs-cta-wrapper\" id=\"hs-cta-wrapper-d5ae5e7e-96e5-45f6-859b-351ca2061108\"><span class=\"hs-cta-node hs-cta-d5ae5e7e-96e5-45f6-859b-351ca2061108\" id=\"hs-cta-d5ae5e7e-96e5-45f6-859b-351ca2061108\"><!--[if lte IE 8]><div id=\"hs-cta-ie-element\"><\/div><![endif]--><a href=\"https:\/\/cta-redirect.hubspot.com\/cta\/redirect\/6786297\/d5ae5e7e-96e5-45f6-859b-351ca2061108\" target=\"_blank\" rel=\"noopener\"><img decoding=\"async\" class=\"hs-cta-img\" id=\"hs-cta-img-d5ae5e7e-96e5-45f6-859b-351ca2061108\" style=\"border-width:0px;\" src=\"https:\/\/no-cache.hubspot.com\/cta\/default\/6786297\/d5ae5e7e-96e5-45f6-859b-351ca2061108.png\"  alt=\"New call-to-action\"\/><\/a><\/span><script charset=\"utf-8\" src=\"https:\/\/js.hscta.net\/cta\/current.js\"><\/script><script type=\"text\/javascript\"> hbspt.cta.load(6786297, 'd5ae5e7e-96e5-45f6-859b-351ca2061108', {\"useNewLoader\":\"true\",\"region\":\"na1\"}); <\/script><\/span><!-- end HubSpot Call-to-Action Code -->\n\n\n\n\n<h2 class=\"wp-block-heading\"><strong>C\u00f3mo instalar una fachada ventilada cer\u00e1mica: Herramientas RUBI<\/strong>&nbsp;<\/h2>\n\n\n\n<p>Para garantizar un resultado de alta calidad en la instalaci\u00f3n de fachadas ventiladas cer\u00e1micas, es esencial contar con las herramientas adecuadas. <strong>RUBI <\/strong>ofrece una gama completa de soluciones dise\u00f1adas espec\u00edficamente para facilitar el proceso de colocaci\u00f3n, corte y ajuste de las piezas cer\u00e1micas.&nbsp;<\/p>\n\n\n\n<ol start=\"1\" class=\"wp-block-list\">\n<li><strong><a href=\"https:\/\/www.rubi.com\/es\/categorias\/cortadoras-manuales-para-baldosas-ceramicas\" target=\"_blank\" rel=\"noreferrer noopener\">Cortadoras manuales<\/a><\/strong>: La <strong><a href=\"https:\/\/www.rubi.com\/es\/producto\/cortadoras-manuales-tz\" target=\"_blank\" rel=\"noreferrer noopener\">TZ<\/a> <\/strong>es ideal para cortar baldosas cer\u00e1micas de gran formato con la precisi\u00f3n necesaria para asegurar un ajuste perfecto en la fachada. Por lo que, su dise\u00f1o robusto y su capacidad de corte garantizan la eficiencia en el trabajo.&nbsp;<\/li>\n<\/ol>\n\n\n\r\n    <iframe width=\"560\" height=\"315\" \r\ndata-cookieblock-src=\"https:\/\/www.youtube.com\/embed\/7cCdYimbZf0?si=kWq-th616vecvQpH\" \r\ndata-cookieconsent=\"marketing\"\r\ntitle=\"YouTube video player\" frameborder=\"0\" allow=\"accelerometer; autoplay; clipboard-write; encrypted-media; gyroscope; picture-in-picture; web-share\" referrerpolicy=\"strict-origin-when-cross-origin\" allowfullscreen>\r\n<\/iframe>\r\n\r\n<div class=\"cookieconsent-optout-marketing\"\r\nstyle=\"background: #ddd;justify-content: center;text-align: center;margin: 2rem 0rem;flex-direction: column;width: 100%;padding: 4rem 0rem;\">\r\n    <p style=\"text-align: center;\">\r\n        <img decoding=\"async\" style=\"margin: 0 auto; width: 70px;\" src=\"https:\/\/www.rubi.com\/es\/blog\/wp-content\/plugins\/cbk-core\/eye_inactive.png\" alt=\"Aceptar Cookies\" \/>\r\n    <\/p>\r\n    <p style=\"text-align: center;\">Por favor, acepte las cookies para ver este v\u00eddeo<\/p>\r\n    <a style=\"display: inline-block; padding: .5rem 4rem; background: #000; color: #fff; margin: 0 auto; transition: all .3s;\" href=\"javascript:Cookiebot.renew()\">\r\n        Aceptar Cookies\r\n    <\/a>\r\n<\/div>\n\n\n\n<ol start=\"2\" class=\"wp-block-list\">\n<li><strong>Ventosa de vac\u00edo Octo-USB<\/strong>: Manipular piezas cer\u00e1micas grandes puede ser complicado. Pero las <strong><a href=\"https:\/\/www.rubi.com\/es\/producto\/ventosa-de-vacio-octo-usb-energy\" target=\"_blank\" rel=\"noreferrer noopener\">ventosa de vac\u00edo Octo Usb<\/a><\/strong> permite un manejo seguro y sin riesgos de rotura o desplazamiento inadecuado. Son esenciales para transportar y colocar las piezas cer\u00e1micas en fachadas ventiladas.&nbsp;<\/li>\n<\/ol>\n\n\n\n<figure class=\"wp-block-image size-large\"><img decoding=\"async\" width=\"1024\" height=\"682\" src=\"https:\/\/www.rubi.com\/es\/blog\/wp-content\/uploads\/2024\/11\/66967_a_03-1_11zon-1024x682.jpg\" alt=\"Ventosa de vac\u00edo Octo Usb para una fachada ventilada cer\u00e1mica\" class=\"wp-image-82013\" srcset=\"https:\/\/www.rubi.com\/es\/blog\/wp-content\/uploads\/2024\/11\/66967_a_03-1_11zon-1024x682.jpg 1024w, https:\/\/www.rubi.com\/es\/blog\/wp-content\/uploads\/2024\/11\/66967_a_03-1_11zon-300x200.jpg 300w, https:\/\/www.rubi.com\/es\/blog\/wp-content\/uploads\/2024\/11\/66967_a_03-1_11zon-768x512.jpg 768w, https:\/\/www.rubi.com\/es\/blog\/wp-content\/uploads\/2024\/11\/66967_a_03-1_11zon.jpg 1190w\" sizes=\"(max-width: 1024px) 100vw, 1024px\" \/><\/figure>\n\n\n\n<ol start=\"3\" class=\"wp-block-list\">\n<li><strong>Llanas y peines<\/strong>: Necesario para aplicar el adhesivo en la instalaci\u00f3n de los paneles y revestimientos. Las <a href=\"https:\/\/www.rubi.com\/es\/categorias\/llanas-y-peines\" target=\"_blank\" rel=\"noreferrer noopener\"><strong>llanas dentadas<\/strong> y los <strong>peines<\/strong><\/a> aseguran una distribuci\u00f3n uniforme del material, garantizando que las piezas queden bien adheridas.<\/li>\n<\/ol>\n\n\n\r\n    <iframe width=\"560\" height=\"315\" \r\ndata-cookieblock-src=\"https:\/\/www.youtube.com\/embed\/tbBkL1aEBg4?si=b1gNnv3BIkvHrK_t\" \r\ndata-cookieconsent=\"marketing\"\r\ntitle=\"YouTube video player\" frameborder=\"0\" allow=\"accelerometer; autoplay; clipboard-write; encrypted-media; gyroscope; picture-in-picture; web-share\" referrerpolicy=\"strict-origin-when-cross-origin\" allowfullscreen>\r\n<\/iframe>\r\n\r\n<div class=\"cookieconsent-optout-marketing\"\r\nstyle=\"background: #ddd;justify-content: center;text-align: center;margin: 2rem 0rem;flex-direction: column;width: 100%;padding: 4rem 0rem;\">\r\n    <p style=\"text-align: center;\">\r\n        <img decoding=\"async\" style=\"margin: 0 auto; width: 70px;\" src=\"https:\/\/www.rubi.com\/es\/blog\/wp-content\/plugins\/cbk-core\/eye_inactive.png\" alt=\"Aceptar Cookies\" \/>\r\n    <\/p>\r\n    <p style=\"text-align: center;\">Por favor, acepte las cookies para ver este v\u00eddeo<\/p>\r\n    <a style=\"display: inline-block; padding: .5rem 4rem; background: #000; color: #fff; margin: 0 auto; transition: all .3s;\" href=\"javascript:Cookiebot.renew()\">\r\n        Aceptar Cookies\r\n    <\/a>\r\n<\/div>\n\n\n\n<ol start=\"4\" class=\"wp-block-list\">\n<li><strong><a href=\"https:\/\/www.rubi.com\/es\/categorias\/niveles\" target=\"_blank\" rel=\"noreferrer noopener\">Niveles<\/a><\/strong>: El <strong><a href=\"https:\/\/www.rubi.com\/es\/producto\/niveles-rubilevel\" target=\"_blank\" rel=\"noreferrer noopener\">Rubilevel<\/a><\/strong> de RUBI es fundamental para asegurarse de que las piezas cer\u00e1micas est\u00e1n perfectamente alineadas y niveladas durante la instalaci\u00f3n, lo que es crucial para el acabado final de la fachada.&nbsp;<\/li>\n<\/ol>\n\n\n\n<figure class=\"wp-block-image size-full\"><img decoding=\"async\" width=\"1190\" height=\"793\" src=\"https:\/\/www.rubi.com\/es\/blog\/wp-content\/uploads\/2024\/11\/76922_01-1_11zon.jpg\" alt=\"Nivel Rubilevel para una fachada ventilada cer\u00e1mica\" class=\"wp-image-82033\" srcset=\"https:\/\/www.rubi.com\/es\/blog\/wp-content\/uploads\/2024\/11\/76922_01-1_11zon.jpg 1190w, https:\/\/www.rubi.com\/es\/blog\/wp-content\/uploads\/2024\/11\/76922_01-1_11zon-300x200.jpg 300w, https:\/\/www.rubi.com\/es\/blog\/wp-content\/uploads\/2024\/11\/76922_01-1_11zon-1024x682.jpg 1024w, https:\/\/www.rubi.com\/es\/blog\/wp-content\/uploads\/2024\/11\/76922_01-1_11zon-768x512.jpg 768w\" sizes=\"(max-width: 1190px) 100vw, 1190px\" \/><\/figure>\n\n\n\n<h2 class=\"wp-block-heading\"><strong>Conclusi\u00f3n<\/strong>&nbsp;<\/h2>\n\n\n\n<p>Una <strong>fachada ventilada cer\u00e1mica<\/strong> es una soluci\u00f3n eficiente y sostenible que mejora el aislamiento t\u00e9rmico y ac\u00fastico, protege el edificio de las condiciones clim\u00e1ticas y reduce los costos de mantenimiento. Adem\u00e1s, su durabilidad y versatilidad est\u00e9tica la convierten en una opci\u00f3n atractiva para cualquier proyecto de construcci\u00f3n. Para obtener los mejores resultados, es fundamental contar con herramientas de calidad como las que ofrece <strong>RUBI<\/strong>, que garantizan precisi\u00f3n, eficiencia y seguridad durante todo el proceso de instalaci\u00f3n.&nbsp;<\/p>\n\n\n\n<p>Si est\u00e1s interesado en aprender m\u00e1s sobre este tipo de soluciones y las herramientas adecuadas para llevar a cabo este tipo de proyectos, no dudes en consultar el <strong><a href=\"https:\/\/landing.rubi.com\/es\/descargar-catalogo-v3\" target=\"_blank\" rel=\"noreferrer noopener\">cat\u00e1logo completo<\/a><\/strong> y <strong><a href=\"https:\/\/www.rubi.com\/es\" target=\"_blank\" rel=\"noreferrer noopener\">p\u00e1gina web<\/a><\/strong>. Y para m\u00e1s informaci\u00f3n sobre temas relacionados con la construcci\u00f3n, te invitamos a leer nuestro art\u00edculo sobre las eflorescencias.<\/p>\n\n\n\n<!--HubSpot Call-to-Action Code --><span class=\"hs-cta-wrapper\" id=\"hs-cta-wrapper-63302929-9fdf-4493-94c5-1dab4dd61545\"><span class=\"hs-cta-node hs-cta-63302929-9fdf-4493-94c5-1dab4dd61545\" id=\"hs-cta-63302929-9fdf-4493-94c5-1dab4dd61545\"><!--[if lte IE 8]><div id=\"hs-cta-ie-element\"><\/div><![endif]--><a href=\"https:\/\/cta-redirect.hubspot.com\/cta\/redirect\/6786297\/63302929-9fdf-4493-94c5-1dab4dd61545\" target=\"_blank\" rel=\"noopener\"><img decoding=\"async\" class=\"hs-cta-img\" id=\"hs-cta-img-63302929-9fdf-4493-94c5-1dab4dd61545\" style=\"border-width:0px;\" src=\"https:\/\/no-cache.hubspot.com\/cta\/default\/6786297\/63302929-9fdf-4493-94c5-1dab4dd61545.png\"  alt=\"New call-to-action\"\/><\/a><\/span><script charset=\"utf-8\" src=\"https:\/\/js.hscta.net\/cta\/current.js\"><\/script><script type=\"text\/javascript\"> hbspt.cta.load(6786297, '63302929-9fdf-4493-94c5-1dab4dd61545', {\"useNewLoader\":\"true\",\"region\":\"na1\"}); <\/script><\/span><!-- end HubSpot Call-to-Action Code -->\n\n","protected":false},"excerpt":{"rendered":"<p>Una fachada ventilada cer\u00e1mica es una de las soluciones m\u00e1s eficientes y sostenibles para el aislamiento t\u00e9rmico y ac\u00fastico de edificios, cada vez m\u00e1s popular entre los profesionales de la construcci\u00f3n. Su dise\u00f1o permite una mejor protecci\u00f3n del inmueble contra las condiciones clim\u00e1ticas extremas, mejora la eficiencia energ\u00e9tica y ofrece un bajo mantenimiento a largo &hellip; <a href=\"https:\/\/www.rubi.com\/es\/blog\/cuales-son-las-ventajas-de-una-fachada-ventilada-de-ceramica\/\">Continued<\/a><\/p>\n","protected":false},"author":59,"featured_media":82047,"comment_status":"open","ping_status":"open","sticky":false,"template":"","format":"standard","meta":{"_acf_changed":false,"content-type":"","footnotes":""},"categories":[9],"tags":[2244,31,33,2168,2200,2240,2243,1223,144,2237,2241],"class_list":["post-81994","post","type-post","status-publish","format-standard","has-post-thumbnail","hentry","category-ideas-proyectos","tag-aislamiento","tag-alicatar","tag-ceramica","tag-cortadora-manual","tag-fachadas","tag-fachadas-ventiladas","tag-niveles","tag-obra","tag-rubi","tag-solar","tag-ventosa-de-vacio"],"acf":[],"yoast_head":"<!-- This site is optimized with the Yoast SEO plugin v27.4 - https:\/\/yoast.com\/product\/yoast-seo-wordpress\/ -->\n<title>\u00bfCu\u00e1les son las ventajas de una fachada ventilada de cer\u00e1mica?\u00a0<\/title>\n<meta name=\"description\" content=\"Se destacar\u00e1n las ventajas de la fachada ventilada de cer\u00e1mica, enfoc\u00e1ndose en su aislamiento, resistencia y bajo mantenimiento.\" \/>\n<meta name=\"robots\" content=\"index, follow, max-snippet:-1, max-image-preview:large, max-video-preview:-1\" \/>\n<meta property=\"og:locale\" content=\"es_ES\" \/>\n<meta property=\"og:type\" content=\"article\" \/>\n<meta property=\"og:title\" content=\"\u00bfCu\u00e1les son las ventajas de una fachada ventilada de cer\u00e1mica?\u00a0\" \/>\n<meta property=\"og:description\" content=\"Se destacar\u00e1n las ventajas de la fachada ventilada de cer\u00e1mica, enfoc\u00e1ndose en su aislamiento, resistencia y bajo mantenimiento.\" \/>\n<meta property=\"og:url\" content=\"https:\/\/www.rubi.com\/es\/blog\/cuales-son-las-ventajas-de-una-fachada-ventilada-de-ceramica\/\" \/>\n<meta property=\"og:site_name\" content=\"RUBI Blog ES\" \/>\n<meta property=\"article:publisher\" content=\"https:\/\/www.instagram.com\/rubitools\/\" \/>\n<meta property=\"article:author\" content=\"https:\/\/www.facebook.com\/quimrubitools\/?locale=es_ES\" \/>\n<meta property=\"article:published_time\" content=\"2024-11-22T06:00:00+00:00\" \/>\n<meta property=\"article:modified_time\" content=\"2026-01-28T11:26:17+00:00\" \/>\n<meta property=\"og:image\" content=\"https:\/\/www.rubi.com\/es\/blog\/wp-content\/uploads\/2024\/11\/shutterstock_1705739662_11zon-scaled.jpg\" \/>\n\t<meta property=\"og:image:width\" content=\"2560\" \/>\n\t<meta property=\"og:image:height\" content=\"1709\" \/>\n\t<meta property=\"og:image:type\" content=\"image\/jpeg\" \/>\n<meta name=\"author\" content=\"Joaqu\u00edn Aranoa\" \/>\n<meta name=\"twitter:card\" content=\"summary_large_image\" \/>\n<meta name=\"twitter:creator\" content=\"@RubiTools_Es\" \/>\n<meta name=\"twitter:site\" content=\"@RubiTools_Es\" \/>\n<meta name=\"twitter:label1\" content=\"Escrito por\" \/>\n\t<meta name=\"twitter:data1\" content=\"Joaqu\u00edn Aranoa\" \/>\n\t<meta name=\"twitter:label2\" content=\"Tiempo de lectura\" \/>\n\t<meta name=\"twitter:data2\" content=\"5 minutos\" \/>\n<!-- \/ Yoast SEO plugin. -->","yoast_head_json":{"title":"\u00bfCu\u00e1les son las ventajas de una fachada ventilada de cer\u00e1mica?\u00a0","description":"Se destacar\u00e1n las ventajas de la fachada ventilada de cer\u00e1mica, enfoc\u00e1ndose en su aislamiento, resistencia y bajo mantenimiento.","robots":{"index":"index","follow":"follow","max-snippet":"max-snippet:-1","max-image-preview":"max-image-preview:large","max-video-preview":"max-video-preview:-1"},"og_locale":"es_ES","og_type":"article","og_title":"\u00bfCu\u00e1les son las ventajas de una fachada ventilada de cer\u00e1mica?\u00a0","og_description":"Se destacar\u00e1n las ventajas de la fachada ventilada de cer\u00e1mica, enfoc\u00e1ndose en su aislamiento, resistencia y bajo mantenimiento.","og_url":"https:\/\/www.rubi.com\/es\/blog\/cuales-son-las-ventajas-de-una-fachada-ventilada-de-ceramica\/","og_site_name":"RUBI Blog ES","article_publisher":"https:\/\/www.instagram.com\/rubitools\/","article_author":"https:\/\/www.facebook.com\/quimrubitools\/?locale=es_ES","article_published_time":"2024-11-22T06:00:00+00:00","article_modified_time":"2026-01-28T11:26:17+00:00","og_image":[{"width":2560,"height":1709,"url":"https:\/\/www.rubi.com\/es\/blog\/wp-content\/uploads\/2024\/11\/shutterstock_1705739662_11zon-scaled.jpg","type":"image\/jpeg"}],"author":"Joaqu\u00edn Aranoa","twitter_card":"summary_large_image","twitter_creator":"@RubiTools_Es","twitter_site":"@RubiTools_Es","twitter_misc":{"Escrito por":"Joaqu\u00edn Aranoa","Tiempo de lectura":"5 minutos"},"schema":{"@context":"https:\/\/schema.org","@graph":[{"@type":"WebPage","@id":"https:\/\/www.rubi.com\/es\/blog\/cuales-son-las-ventajas-de-una-fachada-ventilada-de-ceramica\/","url":"https:\/\/www.rubi.com\/es\/blog\/cuales-son-las-ventajas-de-una-fachada-ventilada-de-ceramica\/","name":"\u00bfCu\u00e1les son las ventajas de una fachada ventilada de cer\u00e1mica?\u00a0","isPartOf":{"@id":"https:\/\/www.rubi.com\/es\/#website"},"primaryImageOfPage":{"@id":"https:\/\/www.rubi.com\/es\/blog\/cuales-son-las-ventajas-de-una-fachada-ventilada-de-ceramica\/#primaryimage"},"image":{"@id":"https:\/\/www.rubi.com\/es\/blog\/cuales-son-las-ventajas-de-una-fachada-ventilada-de-ceramica\/#primaryimage"},"thumbnailUrl":"https:\/\/www.rubi.com\/es\/blog\/wp-content\/uploads\/2024\/11\/shutterstock_1705739662_11zon-scaled.jpg","datePublished":"2024-11-22T06:00:00+00:00","dateModified":"2026-01-28T11:26:17+00:00","description":"Se destacar\u00e1n las ventajas de la fachada ventilada de cer\u00e1mica, enfoc\u00e1ndose en su aislamiento, resistencia y bajo mantenimiento.","breadcrumb":{"@id":"https:\/\/www.rubi.com\/es\/blog\/cuales-son-las-ventajas-de-una-fachada-ventilada-de-ceramica\/#breadcrumb"},"inLanguage":"es","potentialAction":[{"@type":"ReadAction","target":["https:\/\/www.rubi.com\/es\/blog\/cuales-son-las-ventajas-de-una-fachada-ventilada-de-ceramica\/"]}]},{"@type":"ImageObject","inLanguage":"es","@id":"https:\/\/www.rubi.com\/es\/blog\/cuales-son-las-ventajas-de-una-fachada-ventilada-de-ceramica\/#primaryimage","url":"https:\/\/www.rubi.com\/es\/blog\/wp-content\/uploads\/2024\/11\/shutterstock_1705739662_11zon-scaled.jpg","contentUrl":"https:\/\/www.rubi.com\/es\/blog\/wp-content\/uploads\/2024\/11\/shutterstock_1705739662_11zon-scaled.jpg","width":2560,"height":1709,"caption":"fachada ventilada cer\u00e1mica"},{"@type":"BreadcrumbList","@id":"https:\/\/www.rubi.com\/es\/blog\/cuales-son-las-ventajas-de-una-fachada-ventilada-de-ceramica\/#breadcrumb","itemListElement":[{"@type":"ListItem","position":1,"name":"Home","item":"https:\/\/www.rubi.com\/es\/"},{"@type":"ListItem","position":2,"name":"\u00bfCu\u00e1les son las ventajas de una fachada ventilada de cer\u00e1mica?\u00a0"}]},{"@type":"WebSite","@id":"https:\/\/www.rubi.com\/es\/#website","url":"https:\/\/www.rubi.com\/es\/","name":"RUBI Blog ES","description":"","publisher":{"@id":"https:\/\/www.rubi.com\/es\/#organization"},"potentialAction":[{"@type":"SearchAction","target":{"@type":"EntryPoint","urlTemplate":"https:\/\/www.rubi.com\/es\/?s={search_term_string}"},"query-input":{"@type":"PropertyValueSpecification","valueRequired":true,"valueName":"search_term_string"}}],"inLanguage":"es"},{"@type":"Organization","@id":"https:\/\/www.rubi.com\/es\/#organization","name":"RUBI Tools Espa\u00f1a Fran\u00e7ais","url":"https:\/\/www.rubi.com\/es\/","logo":{"@type":"ImageObject","inLanguage":"es","@id":"https:\/\/www.rubi.com\/es\/#\/schema\/logo\/image\/","url":"https:\/\/www.rubi.com\/fr\/blog\/wp-content\/uploads\/2021\/09\/rubi-logo-new.png","contentUrl":"https:\/\/www.rubi.com\/fr\/blog\/wp-content\/uploads\/2021\/09\/rubi-logo-new.png","width":300,"height":300,"caption":"RUBI Tools Espa\u00f1a Fran\u00e7ais"},"image":{"@id":"https:\/\/www.rubi.com\/es\/#\/schema\/logo\/image\/"},"sameAs":["https:\/\/www.instagram.com\/rubitools\/","https:\/\/x.com\/RubiTools_Es","https:\/\/www.linkedin.com\/company\/rubi-group\/","https:\/\/www.youtube.com\/c\/ClubRubi"]}]}},"_links":{"self":[{"href":"https:\/\/www.rubi.com\/es\/blog\/wp-json\/wp\/v2\/posts\/81994","targetHints":{"allow":["GET"]}}],"collection":[{"href":"https:\/\/www.rubi.com\/es\/blog\/wp-json\/wp\/v2\/posts"}],"about":[{"href":"https:\/\/www.rubi.com\/es\/blog\/wp-json\/wp\/v2\/types\/post"}],"author":[{"embeddable":true,"href":"https:\/\/www.rubi.com\/es\/blog\/wp-json\/wp\/v2\/users\/59"}],"replies":[{"embeddable":true,"href":"https:\/\/www.rubi.com\/es\/blog\/wp-json\/wp\/v2\/comments?post=81994"}],"version-history":[{"count":19,"href":"https:\/\/www.rubi.com\/es\/blog\/wp-json\/wp\/v2\/posts\/81994\/revisions"}],"predecessor-version":[{"id":90916,"href":"https:\/\/www.rubi.com\/es\/blog\/wp-json\/wp\/v2\/posts\/81994\/revisions\/90916"}],"wp:featuredmedia":[{"embeddable":true,"href":"https:\/\/www.rubi.com\/es\/blog\/wp-json\/wp\/v2\/media\/82047"}],"wp:attachment":[{"href":"https:\/\/www.rubi.com\/es\/blog\/wp-json\/wp\/v2\/media?parent=81994"}],"wp:term":[{"taxonomy":"category","embeddable":true,"href":"https:\/\/www.rubi.com\/es\/blog\/wp-json\/wp\/v2\/categories?post=81994"},{"taxonomy":"post_tag","embeddable":true,"href":"https:\/\/www.rubi.com\/es\/blog\/wp-json\/wp\/v2\/tags?post=81994"}],"curies":[{"name":"wp","href":"https:\/\/api.w.org\/{rel}","templated":true}]}}