{"id":908,"date":"2013-05-31T09:14:00","date_gmt":"2013-05-31T09:14:00","guid":{"rendered":"https:\/\/www.rubi.com\/es\/blog\/?p=908"},"modified":"2013-05-31T09:14:00","modified_gmt":"2013-05-31T09:14:00","slug":"el-gobierno-ha-presentado-el-plan-estatal-de-fomento-del-alquiler-de-viviendas-la-rehabilitacion-regeneracion-y-renovacion-urbanas-2013-2016-con-interesantes-ayudas-a-la-rehabilitacion","status":"publish","type":"post","link":"https:\/\/www.rubi.com\/es\/blog\/el-gobierno-ha-presentado-el-plan-estatal-de-fomento-del-alquiler-de-viviendas-la-rehabilitacion-regeneracion-y-renovacion-urbanas-2013-2016-con-interesantes-ayudas-a-la-rehabilitacion\/","title":{"rendered":"El Gobierno ha presentado el Plan Estatal de Fomento del Alquiler de Viviendas, la Rehabilitaci\u00f3n, Regeneraci\u00f3n y Renovaci\u00f3n Urbanas (2013-2016) con interesantes ayudas a la rehabilitaci\u00f3n."},"content":{"rendered":"<p>El Plan Estatal comtempla ayudas atractivas a la rehabilitaci\u00f3n edificatoria en edificios e instalaciones para mejorar la eficiencia energ\u00e9tica.<br \/>\nLos inmuebles deber\u00e1n tener una antig\u00fcedad anterior a 1981, al menos el 70% de su superf\u00edcie debe tener uso residencial de vivienda y constituir el domicilio habitual de su propietarios o arrendatarios.<br \/>\nPodr\u00e1n solicitar estas ayudas comunidades de propietarios, agrupaciones de comunidades o propietarios \u00fanicos de edificios de viviendas para la rehabilitaci\u00f3n.<\/p>\n<p>Se conceder\u00e1n ayudas de hasta 4.000\u20ac por vivienda para conservaci\u00f3n, 2.000\u20ac por vivienda para mejora de la eficiencia energ\u00e9tica (5.000\u20ac si se reduce en un 50% la demanda energ\u00e9tica del edificio) y 4.000\u20ac por vivienda para mejora de accesibilidad.<\/p>\n<p>Este programa busca promover la realizaci\u00f3n de medidas de ahorro y eficiencia y la incorporaci\u00f3n de energ\u00edas renovables.<\/p>\n<p>Asimismo, el plan incluye ayudas a la implantaci\u00f3n del Informe de Evaluaci\u00f3n de Edificios, con una subvenci\u00f3n m\u00e1xima del 50% del coste del mismo.<\/p>\n<p>El ejecutivo tambi\u00e9n dar\u00e1 luz verde al Plan de Fomento del Alquiler para los pr\u00f3ximos 3 a\u00f1os con el objetivo de fomentar el alquiler de viviendas por encima de la compra de viviendas.<br \/>\nSe pagar\u00e1 hasta 200\u20ac al mes del alquiler de la vivienda- el 40% de la renta anual, con un m\u00e1ximo de 2.400\u20ac al a\u00f1o- a las familias o unidades de convivencia que ingresen menos de 1.597\u20ac al mes, y paguen al mes una renta inferior a 600\u20ac.<\/p>\n<p>Fuente:<a title=\"Revista RCT - Tecnoedici\u00f3n\" href=\"http:\/\/http:\/\/www.coneledigital.com\/\" target=\"_blank\" rel=\"noopener noreferrer\"> Tecnoedici\u00f3n<\/a><br \/>\nmarzo-abril 2013, p\u00e1g. 11<\/p>\n<p>&nbsp;<\/p>\n<p>&nbsp;<\/p>\n","protected":false},"excerpt":{"rendered":"<p>El Plan Estatal comtempla ayudas atractivas a la rehabilitaci\u00f3n edificatoria en edificios e instalaciones para mejorar la eficiencia energ\u00e9tica. Los inmuebles deber\u00e1n tener una antig\u00fcedad anterior a 1981, al menos el 70% de su superf\u00edcie debe tener uso residencial de vivienda y constituir el domicilio habitual de su propietarios o arrendatarios. Podr\u00e1n solicitar estas ayudas &hellip; <a href=\"https:\/\/www.rubi.com\/es\/blog\/el-gobierno-ha-presentado-el-plan-estatal-de-fomento-del-alquiler-de-viviendas-la-rehabilitacion-regeneracion-y-renovacion-urbanas-2013-2016-con-interesantes-ayudas-a-la-rehabilitacion\/\">Continued<\/a><\/p>\n","protected":false},"author":53,"featured_media":910,"comment_status":"open","ping_status":"closed","sticky":false,"template":"","format":"standard","meta":{"_acf_changed":false,"content-type":"","footnotes":""},"categories":[122],"tags":[],"class_list":["post-908","post","type-post","status-publish","format-standard","has-post-thumbnail","hentry","category-noticias-sobre-el-mundo-de-la-colocacion"],"acf":[],"yoast_head":"<!-- This site is optimized with the Yoast SEO plugin v27.4 - https:\/\/yoast.com\/product\/yoast-seo-wordpress\/ -->\n<title>Plan Estatal de Fomento del Alquiler de Viviendas, la Rehabilitaci\u00f3n, Regeneraci\u00f3n y Renovaci\u00f3n Urbanas con interesantes ayudas a la rehabilitaci\u00f3n.<\/title>\n<meta name=\"description\" content=\"El Plan Estatal comtempla ayudas atractivas a la rehabilitaci\u00f3n edificatoria en edificios e instalaciones para mejorar la eficiencia energ\u00e9tica.\" \/>\n<meta name=\"robots\" content=\"index, follow, max-snippet:-1, max-image-preview:large, max-video-preview:-1\" \/>\n<meta property=\"og:locale\" content=\"es_ES\" \/>\n<meta property=\"og:type\" content=\"article\" \/>\n<meta property=\"og:title\" content=\"Plan Estatal de Fomento del Alquiler de Viviendas, la Rehabilitaci\u00f3n, Regeneraci\u00f3n y Renovaci\u00f3n Urbanas con interesantes ayudas a la rehabilitaci\u00f3n.\" \/>\n<meta property=\"og:description\" content=\"El Plan Estatal comtempla ayudas atractivas a la rehabilitaci\u00f3n edificatoria en edificios e instalaciones para mejorar la eficiencia energ\u00e9tica.\" \/>\n<meta property=\"og:url\" content=\"https:\/\/www.rubi.com\/es\/blog\/el-gobierno-ha-presentado-el-plan-estatal-de-fomento-del-alquiler-de-viviendas-la-rehabilitacion-regeneracion-y-renovacion-urbanas-2013-2016-con-interesantes-ayudas-a-la-rehabilitacion\/\" \/>\n<meta property=\"og:site_name\" content=\"RUBI Blog ES\" \/>\n<meta property=\"article:publisher\" content=\"https:\/\/www.instagram.com\/rubitools\/\" \/>\n<meta property=\"article:author\" content=\"https:\/\/www.facebook.com\/quimrubitools\/?locale=es_ES\" \/>\n<meta property=\"article:published_time\" content=\"2013-05-31T09:14:00+00:00\" \/>\n<meta name=\"author\" content=\"Berta\" \/>\n<meta name=\"twitter:card\" content=\"summary_large_image\" \/>\n<meta name=\"twitter:creator\" content=\"@RubiTools_Es\" \/>\n<meta name=\"twitter:site\" content=\"@RubiTools_Es\" \/>\n<meta name=\"twitter:label1\" content=\"Escrito por\" \/>\n\t<meta name=\"twitter:data1\" content=\"Berta\" \/>\n\t<meta name=\"twitter:label2\" content=\"Tiempo de lectura\" \/>\n\t<meta name=\"twitter:data2\" content=\"1 minuto\" \/>\n<!-- \/ Yoast SEO plugin. -->","yoast_head_json":{"title":"Plan Estatal de Fomento del Alquiler de Viviendas, la Rehabilitaci\u00f3n, Regeneraci\u00f3n y Renovaci\u00f3n Urbanas con interesantes ayudas a la rehabilitaci\u00f3n.","description":"El Plan Estatal comtempla ayudas atractivas a la rehabilitaci\u00f3n edificatoria en edificios e instalaciones para mejorar la eficiencia energ\u00e9tica.","robots":{"index":"index","follow":"follow","max-snippet":"max-snippet:-1","max-image-preview":"max-image-preview:large","max-video-preview":"max-video-preview:-1"},"og_locale":"es_ES","og_type":"article","og_title":"Plan Estatal de Fomento del Alquiler de Viviendas, la Rehabilitaci\u00f3n, Regeneraci\u00f3n y Renovaci\u00f3n Urbanas con interesantes ayudas a la rehabilitaci\u00f3n.","og_description":"El Plan Estatal comtempla ayudas atractivas a la rehabilitaci\u00f3n edificatoria en edificios e instalaciones para mejorar la eficiencia energ\u00e9tica.","og_url":"https:\/\/www.rubi.com\/es\/blog\/el-gobierno-ha-presentado-el-plan-estatal-de-fomento-del-alquiler-de-viviendas-la-rehabilitacion-regeneracion-y-renovacion-urbanas-2013-2016-con-interesantes-ayudas-a-la-rehabilitacion\/","og_site_name":"RUBI Blog ES","article_publisher":"https:\/\/www.instagram.com\/rubitools\/","article_author":"https:\/\/www.facebook.com\/quimrubitools\/?locale=es_ES","article_published_time":"2013-05-31T09:14:00+00:00","author":"Berta","twitter_card":"summary_large_image","twitter_creator":"@RubiTools_Es","twitter_site":"@RubiTools_Es","twitter_misc":{"Escrito por":"Berta","Tiempo de lectura":"1 minuto"},"schema":{"@context":"https:\/\/schema.org","@graph":[{"@type":"WebPage","@id":"https:\/\/www.rubi.com\/es\/blog\/el-gobierno-ha-presentado-el-plan-estatal-de-fomento-del-alquiler-de-viviendas-la-rehabilitacion-regeneracion-y-renovacion-urbanas-2013-2016-con-interesantes-ayudas-a-la-rehabilitacion\/","url":"https:\/\/www.rubi.com\/es\/blog\/el-gobierno-ha-presentado-el-plan-estatal-de-fomento-del-alquiler-de-viviendas-la-rehabilitacion-regeneracion-y-renovacion-urbanas-2013-2016-con-interesantes-ayudas-a-la-rehabilitacion\/","name":"Plan Estatal de Fomento del Alquiler de Viviendas, la Rehabilitaci\u00f3n, Regeneraci\u00f3n y Renovaci\u00f3n Urbanas con interesantes ayudas a la rehabilitaci\u00f3n.","isPartOf":{"@id":"https:\/\/www.rubi.com\/es\/#website"},"primaryImageOfPage":{"@id":"https:\/\/www.rubi.com\/es\/blog\/el-gobierno-ha-presentado-el-plan-estatal-de-fomento-del-alquiler-de-viviendas-la-rehabilitacion-regeneracion-y-renovacion-urbanas-2013-2016-con-interesantes-ayudas-a-la-rehabilitacion\/#primaryimage"},"image":{"@id":"https:\/\/www.rubi.com\/es\/blog\/el-gobierno-ha-presentado-el-plan-estatal-de-fomento-del-alquiler-de-viviendas-la-rehabilitacion-regeneracion-y-renovacion-urbanas-2013-2016-con-interesantes-ayudas-a-la-rehabilitacion\/#primaryimage"},"thumbnailUrl":"","datePublished":"2013-05-31T09:14:00+00:00","description":"El Plan Estatal comtempla ayudas atractivas a la rehabilitaci\u00f3n edificatoria en edificios e instalaciones para mejorar la eficiencia energ\u00e9tica.","breadcrumb":{"@id":"https:\/\/www.rubi.com\/es\/blog\/el-gobierno-ha-presentado-el-plan-estatal-de-fomento-del-alquiler-de-viviendas-la-rehabilitacion-regeneracion-y-renovacion-urbanas-2013-2016-con-interesantes-ayudas-a-la-rehabilitacion\/#breadcrumb"},"inLanguage":"es","potentialAction":[{"@type":"ReadAction","target":["https:\/\/www.rubi.com\/es\/blog\/el-gobierno-ha-presentado-el-plan-estatal-de-fomento-del-alquiler-de-viviendas-la-rehabilitacion-regeneracion-y-renovacion-urbanas-2013-2016-con-interesantes-ayudas-a-la-rehabilitacion\/"]}]},{"@type":"ImageObject","inLanguage":"es","@id":"https:\/\/www.rubi.com\/es\/blog\/el-gobierno-ha-presentado-el-plan-estatal-de-fomento-del-alquiler-de-viviendas-la-rehabilitacion-regeneracion-y-renovacion-urbanas-2013-2016-con-interesantes-ayudas-a-la-rehabilitacion\/#primaryimage","url":"","contentUrl":""},{"@type":"BreadcrumbList","@id":"https:\/\/www.rubi.com\/es\/blog\/el-gobierno-ha-presentado-el-plan-estatal-de-fomento-del-alquiler-de-viviendas-la-rehabilitacion-regeneracion-y-renovacion-urbanas-2013-2016-con-interesantes-ayudas-a-la-rehabilitacion\/#breadcrumb","itemListElement":[{"@type":"ListItem","position":1,"name":"Home","item":"https:\/\/www.rubi.com\/es\/"},{"@type":"ListItem","position":2,"name":"El Gobierno ha presentado el Plan Estatal de Fomento del Alquiler de Viviendas, la Rehabilitaci\u00f3n, Regeneraci\u00f3n y Renovaci\u00f3n Urbanas (2013-2016) con interesantes ayudas a la rehabilitaci\u00f3n."}]},{"@type":"WebSite","@id":"https:\/\/www.rubi.com\/es\/#website","url":"https:\/\/www.rubi.com\/es\/","name":"RUBI Blog ES","description":"","publisher":{"@id":"https:\/\/www.rubi.com\/es\/#organization"},"potentialAction":[{"@type":"SearchAction","target":{"@type":"EntryPoint","urlTemplate":"https:\/\/www.rubi.com\/es\/?s={search_term_string}"},"query-input":{"@type":"PropertyValueSpecification","valueRequired":true,"valueName":"search_term_string"}}],"inLanguage":"es"},{"@type":"Organization","@id":"https:\/\/www.rubi.com\/es\/#organization","name":"RUBI Tools Espa\u00f1a Fran\u00e7ais","url":"https:\/\/www.rubi.com\/es\/","logo":{"@type":"ImageObject","inLanguage":"es","@id":"https:\/\/www.rubi.com\/es\/#\/schema\/logo\/image\/","url":"https:\/\/www.rubi.com\/fr\/blog\/wp-content\/uploads\/2021\/09\/rubi-logo-new.png","contentUrl":"https:\/\/www.rubi.com\/fr\/blog\/wp-content\/uploads\/2021\/09\/rubi-logo-new.png","width":300,"height":300,"caption":"RUBI Tools Espa\u00f1a Fran\u00e7ais"},"image":{"@id":"https:\/\/www.rubi.com\/es\/#\/schema\/logo\/image\/"},"sameAs":["https:\/\/www.instagram.com\/rubitools\/","https:\/\/x.com\/RubiTools_Es","https:\/\/www.linkedin.com\/company\/rubi-group\/","https:\/\/www.youtube.com\/c\/ClubRubi"]}]}},"_links":{"self":[{"href":"https:\/\/www.rubi.com\/es\/blog\/wp-json\/wp\/v2\/posts\/908","targetHints":{"allow":["GET"]}}],"collection":[{"href":"https:\/\/www.rubi.com\/es\/blog\/wp-json\/wp\/v2\/posts"}],"about":[{"href":"https:\/\/www.rubi.com\/es\/blog\/wp-json\/wp\/v2\/types\/post"}],"author":[{"embeddable":true,"href":"https:\/\/www.rubi.com\/es\/blog\/wp-json\/wp\/v2\/users\/53"}],"replies":[{"embeddable":true,"href":"https:\/\/www.rubi.com\/es\/blog\/wp-json\/wp\/v2\/comments?post=908"}],"version-history":[{"count":0,"href":"https:\/\/www.rubi.com\/es\/blog\/wp-json\/wp\/v2\/posts\/908\/revisions"}],"wp:featuredmedia":[{"embeddable":true,"href":"https:\/\/www.rubi.com\/es\/blog\/wp-json\/"}],"wp:attachment":[{"href":"https:\/\/www.rubi.com\/es\/blog\/wp-json\/wp\/v2\/media?parent=908"}],"wp:term":[{"taxonomy":"category","embeddable":true,"href":"https:\/\/www.rubi.com\/es\/blog\/wp-json\/wp\/v2\/categories?post=908"},{"taxonomy":"post_tag","embeddable":true,"href":"https:\/\/www.rubi.com\/es\/blog\/wp-json\/wp\/v2\/tags?post=908"}],"curies":[{"name":"wp","href":"https:\/\/api.w.org\/{rel}","templated":true}]}}