{"id":65639,"date":"2023-12-28T14:57:56","date_gmt":"2023-12-28T12:57:56","guid":{"rendered":"https:\/\/www.rubi.com\/?p=65639"},"modified":"2024-01-17T12:04:16","modified_gmt":"2024-01-17T10:04:16","slug":"plytki-elewacyjne","status":"publish","type":"post","link":"https:\/\/www.rubi.com\/pl\/blog\/plytki-elewacyjne\/","title":{"rendered":"P\u0142ytki elewacyjne &#8211; ceramika na zewn\u0105trz budynku"},"content":{"rendered":"\n<p>P\u0142ytki elewacyjne to jeden z wa\u017cniejszych element\u00f3w, nad kt\u00f3rym nale\u017cy si\u0119 zastanowi\u0107 w przypadku ka\u017cdego projektu, poniewa\u017c elewacje pe\u0142ni\u0105 istotn\u0105 rol\u0119 zar\u00f3wno pod wzgl\u0119dem <strong>estetycznym, jak i funkcjonalnym<\/strong>. Prawid\u0142owy dob\u00f3r p\u0142ytek elewacyjnych mo\u017ce <strong>znacz\u0105co wp\u0142yn\u0105\u0107 na wygl\u0105d, trwa\u0142o\u015b\u0107 oraz izolacyjno\u015b\u0107 budynku.<\/strong> Oto kilka kluczowych krok\u00f3w, kt\u00f3re warto wzi\u0105\u0107 pod uwag\u0119 przy wyborze p\u0142ytek elewacyjnych:<\/p>\n\n\n\n<!--HubSpot Call-to-Action Code --><span class=\"hs-cta-wrapper\" id=\"hs-cta-wrapper-d8a81c88-a9c9-40cd-a3ad-f9ada4dec163\"><span class=\"hs-cta-node hs-cta-d8a81c88-a9c9-40cd-a3ad-f9ada4dec163\" id=\"hs-cta-d8a81c88-a9c9-40cd-a3ad-f9ada4dec163\"><!--[if lte IE 8]><div id=\"hs-cta-ie-element\"><\/div><![endif]--><a href=\"https:\/\/cta-redirect.hubspot.com\/cta\/redirect\/6786297\/d8a81c88-a9c9-40cd-a3ad-f9ada4dec163\" target=\"_blank\" rel=\"noopener\"><img decoding=\"async\" class=\"hs-cta-img\" id=\"hs-cta-img-d8a81c88-a9c9-40cd-a3ad-f9ada4dec163\" style=\"border-width:0px;\" src=\"https:\/\/no-cache.hubspot.com\/cta\/default\/6786297\/d8a81c88-a9c9-40cd-a3ad-f9ada4dec163.png\"  alt=\"* Czy chcesz otrzyma\u0107 nowy katalog RUBI ze wszystkimi narz\u0119dziami? Kliknij  tutaj i pobierz za darmo.\"\/><\/a><\/span><script charset=\"utf-8\" src=\"https:\/\/js.hscta.net\/cta\/current.js\"><\/script><script type=\"text\/javascript\"> hbspt.cta.load(6786297, 'd8a81c88-a9c9-40cd-a3ad-f9ada4dec163', {\"useNewLoader\":\"true\",\"region\":\"na1\"}); <\/script><\/span><!-- end HubSpot Call-to-Action Code -->\n\n\n\n<ul class=\"wp-block-list\">\n<li><strong>Rodzaj materia\u0142u:<\/strong> P\u0142ytki elewacyjne s\u0105 dost\u0119pne w r\u00f3\u017cnych materia\u0142ach, takich jak ceramika, kamie\u0144 naturalny, szk\u0142o, beton architektoniczny czy te\u017c kompozyty. Ka\u017cdy z tych materia\u0142\u00f3w ma swoje zalety i wady. Na przyk\u0142ad, ceramika jest \u0142atwa w utrzymaniu, kamie\u0144 naturalny prezentuje naturalny wygl\u0105d, a beton architektoniczny mo\u017ce nadawa\u0107 surowy, nowoczesny charakter elewacji.<\/li>\n\n\n\n<li><strong>Odporno\u015b\u0107 na warunki<\/strong> atmosferyczne: Pami\u0119taj, \u017ce p\u0142ytki elewacyjne b\u0119d\u0105 nara\u017cone na r\u00f3\u017cnorodne warunki atmosferyczne, takie jak deszcz, s\u0142o\u0144ce, mr\u00f3z. Wybieraj\u0105c p\u0142ytki, zwr\u00f3\u0107 uwag\u0119 na ich odporno\u015b\u0107 na warunki atmosferyczne, aby zapewni\u0107 trwa\u0142o\u015b\u0107 elewacji przez wiele lat.<\/li>\n\n\n\n<li><strong>Wygl\u0105d i styl:<\/strong> Wybierz p\u0142ytki elewacyjne, kt\u00f3re b\u0119d\u0105 pasowa\u0142y do stylu architektonicznego budynku oraz spe\u0142ni\u0105 oczekiwania pod wzgl\u0119dem estetyki. Kszta\u0142t, kolor, tekstura &#8211; wszystkie te elementy wp\u0142yn\u0105 na og\u00f3lny wygl\u0105d budynku.<\/li>\n\n\n\n<li><strong>W\u0142a\u015bciwo\u015bci izolacyjne:<\/strong> Niekt\u00f3re p\u0142ytki elewacyjne posiadaj\u0105 w\u0142a\u015bciwo\u015bci izolacyjne, kt\u00f3re mog\u0105 wp\u0142ywa\u0107 na izolacj\u0119 ciepln\u0105 budynku. Je\u015bli to dla Ciebie istotne, zwr\u00f3\u0107 uwag\u0119 na takie parametry.<\/li>\n\n\n\n<li><strong>Koszty i bud\u017cet:<\/strong> Cena p\u0142ytek elewacyjnych mo\u017ce znacznie si\u0119 r\u00f3\u017cni\u0107 w zale\u017cno\u015bci od materia\u0142u, jako\u015bci i producenta. Wa\u017cne jest, aby dopasowa\u0107 wyb\u00f3r p\u0142ytek do dost\u0119pnego bud\u017cetu, nie zapominaj\u0105c jednak o jako\u015bci i trwa\u0142o\u015bci.<\/li>\n\n\n\n<li><strong>Monta\u017c i konserwacja: <\/strong>Sprawd\u017a, jakie s\u0105 wymagania dotycz\u0105ce monta\u017cu i konserwacji danego typu p\u0142ytek. Niekt\u00f3re mog\u0105 wymaga\u0107 specjalnych procedur instalacyjnych lub okre\u015blonych \u015brodk\u00f3w do piel\u0119gnacji.<\/li>\n<\/ul>\n\n\n\n<figure class=\"wp-block-image aligncenter size-full is-resized\"><img decoding=\"async\" width=\"500\" height=\"347\" src=\"https:\/\/www.rubi.com\/pl\/blog\/wp-content\/uploads\/2021\/07\/cover-image-for-outdoor-tile-installation-blog.jpg\" alt=\"plytki-elewacyjne\" class=\"wp-image-27514\" style=\"width:600px\" srcset=\"https:\/\/www.rubi.com\/pl\/blog\/wp-content\/uploads\/2021\/07\/cover-image-for-outdoor-tile-installation-blog.jpg 500w, https:\/\/www.rubi.com\/pl\/blog\/wp-content\/uploads\/2021\/07\/cover-image-for-outdoor-tile-installation-blog-300x208.jpg 300w\" sizes=\"(max-width: 500px) 100vw, 500px\" \/><\/figure>\n\n\n\n<h2 class=\"wp-block-heading has-medium-font-size\">Ceramika jako elewacja budynk\u00f3w<\/h2>\n\n\n\n<p>Ceramika jest doskona\u0142ym materia\u0142em do wykorzystania jako p\u0142ytki elewacyjne na zewn\u0119trznych \u015bcianach budynk\u00f3w. Posiada <strong>szeroki wyb\u00f3r wzor\u00f3w<\/strong>, kt\u00f3re zaspokoj\u0105 nawet najbardziej wymagaj\u0105ce gusta, a tak\u017ce charakteryzuje si\u0119 twardo\u015bci\u0105 oraz mo\u017cliwo\u015bciami aran\u017cacyjnymi dzi\u0119ki fugom mi\u0119dzy p\u0142ytkami.<\/p>\n\n\n\n<!--HubSpot Call-to-Action Code --><span class=\"hs-cta-wrapper\" id=\"hs-cta-wrapper-11f5427f-ab2d-4799-89d3-fd82a25a8ebd\"><span class=\"hs-cta-node hs-cta-11f5427f-ab2d-4799-89d3-fd82a25a8ebd\" id=\"hs-cta-11f5427f-ab2d-4799-89d3-fd82a25a8ebd\"><!--[if lte IE 8]><div id=\"hs-cta-ie-element\"><\/div><![endif]--><a href=\"https:\/\/cta-redirect.hubspot.com\/cta\/redirect\/6786297\/11f5427f-ab2d-4799-89d3-fd82a25a8ebd\" target=\"_blank\" rel=\"noopener\"><img decoding=\"async\" class=\"hs-cta-img\" id=\"hs-cta-img-11f5427f-ab2d-4799-89d3-fd82a25a8ebd\" style=\"border-width:0px;\" src=\"https:\/\/no-cache.hubspot.com\/cta\/default\/6786297\/11f5427f-ab2d-4799-89d3-fd82a25a8ebd.png\"  alt=\"New call-to-action\"\/><\/a><\/span><script charset=\"utf-8\" src=\"https:\/\/js.hscta.net\/cta\/current.js\"><\/script><script type=\"text\/javascript\"> hbspt.cta.load(6786297, '11f5427f-ab2d-4799-89d3-fd82a25a8ebd', {\"useNewLoader\":\"true\",\"region\":\"na1\"}); <\/script><\/span><!-- end HubSpot Call-to-Action Code -->\n\n\n\n<h2 class=\"wp-block-heading has-medium-font-size\">Przygotowanie pod\u0142o\u017ca pod p\u0142ytki elew<\/h2>\n\n\n\n<p>Ceramika na zewn\u0119trzne \u015bciany mo\u017ce by\u0107 najlepszym wyborem dla twojej fasady, ale na zewn\u0105trz wa\u017cne jest odpowiednie przygotowanie pod\u0142o\u017ca.<\/p>\n\n\n\n<p>Nale\u017cy upewni\u0107 si\u0119, \u017ce jest ono stabilne, bez odpadaj\u0105cych fragment\u00f3w i o akceptowalnej p\u0142asko\u015bci. Klej stosowany do monta\u017cu musi by\u0107 specjalistyczny, poniewa\u017c na zewn\u0105trz <strong>zmiany temperatury bywaj\u0105 bardzo gwa\u0142towne<\/strong>. Nale\u017cy u\u017cywa\u0107 materia\u0142u o elastyczno\u015bci, kt\u00f3ra pozwala na adaptacj\u0119 do tych zmian.<\/p>\n\n\n\n<h2 class=\"wp-block-heading\">Fugi<\/h2>\n\n\n\n<p>R\u00f3wnie\u017c wa\u017cne s\u0105 po\u0142\u0105czenia mi\u0119dzy p\u0142ytkami. Poniewa\u017c ceramika na zewn\u0119trzne \u015bciany b\u0119dzie pierwsz\u0105 powierzchni\u0105 domu, kt\u00f3ra bezpo\u015brednio otrzymuje ciep\u0142o i zimno, nale\u017cy u\u017cy\u0107 <strong>szerszej fugi<\/strong>, aby powierzchnia mog\u0142a pracowa\u0107.<\/p>\n\n\n\n<h2 class=\"wp-block-heading\">Ceramika do po\u0142owy wysoko\u015bci budynku<\/h2>\n\n\n\n<p>Na pewno widzia\u0142e\u015b to rozwi\u0105zanie na wielu budynkach lub domach. Polega na umieszczeniu ceramiki na zewn\u0119trznych \u015bcianach do wysoko\u015bci pierwszego pi\u0119tra lub nawet 1,5 metra.<\/p>\n\n\n\n<p>Niezale\u017cnie od wysoko\u015bci, na jakiej chcesz umie\u015bci\u0107 ceramik\u0119, nale\u017cy odpowiednio przygotowa\u0107 pod\u0142o\u017ce. Ta cz\u0119\u015b\u0107 b\u0119dzie otrzymywa\u0107 ceramik\u0119 na zewn\u0119trzne \u015bciany. G\u00f3rna cz\u0119\u015b\u0107 fasady, gdzie ceramika nie zostanie zainstalowana, powinna by\u0107 przygotowana do malowania, aplikacji tynk\u00f3w lub innego materia\u0142u.<\/p>\n\n\n\n<figure class=\"wp-block-image aligncenter size-full is-resized\"><img decoding=\"async\" width=\"425\" height=\"184\" src=\"https:\/\/www.rubi.com\/pl\/blog\/wp-content\/uploads\/2023\/11\/6-1.jpg\" alt=\"plytki-elewacyjne\" class=\"wp-image-64093\" style=\"width:600px\" srcset=\"https:\/\/www.rubi.com\/pl\/blog\/wp-content\/uploads\/2023\/11\/6-1.jpg 425w, https:\/\/www.rubi.com\/pl\/blog\/wp-content\/uploads\/2023\/11\/6-1-300x130.jpg 300w\" sizes=\"(max-width: 425px) 100vw, 425px\" \/><\/figure>\n\n\n\n<h2 class=\"wp-block-heading\">Fasada wentylowana<\/h2>\n\n\n\n<p>Jest to jedno z najcz\u0119\u015bciej stosowanych rozwi\u0105za\u0144 obecnie. Koszt jest wy\u017cszy ni\u017c dla fasady malowanej lub z ceramik\u0105 do po\u0142owy wysoko\u015bci, jednak jego mo\u017cliwo\u015bci s\u0105 wi\u0119ksze, a wyb\u00f3r wyko\u0144cze\u0144 nieograniczony. Polega to na u\u017cyciu <strong>profili zamocowanych na fasadzie i przytwierdzeniu do nich ceramiki<\/strong>. Dzi\u0119ki temu <strong>powietrze mo\u017ce kr\u0105\u017cy\u0107<\/strong> mi\u0119dzy fugami ceramiki. W tym przypadku ceramika pe\u0142ni rol\u0119 czysto &#8220;dekoracyjn\u0105&#8221; i musimy pomy\u015ble\u0107 dodatkowo o izolacji.<\/p>\n\n\n\n<p>Najcz\u0119\u015bciej w przypadku fasady wentylowanej wybierane s\u0105 pyty porcelanowe lub tzw. spieki ze wzgl\u0119du wysok\u0105 <strong>odporno\u015bci na mr\u00f3z, wytrzyma\u0142o\u015b\u0107, odporno\u015b\u0107 na zarysowania<\/strong>, prawie zerowe ch\u0142oni\u0119cie wody, ale przede wszystkim ze wzgl\u0119du na ich twardo\u015b\u0107. W artykule &#8220;<a href=\"https:\/\/www.rubi.com\/pl\/blog\/plyty-wielkoformatowe\/\" target=\"_blank\" rel=\"noreferrer noopener\">P\u0142yty&nbsp;wielkoformatowe &#8211; wyka\u0144czanie<\/a>&#8221;  dowiesz si\u0119 wi\u0119cej o obr\u00f3bce tego rodzaju p\u0142yt w wielkim formacie. <\/p>\n\n\n\n<p>Do monta\u017cu wybieramy ceramik\u0119 w du\u017cym formacie, kt\u00f3rej wewn\u0119trzn\u0105 stron\u0119 pokrywamy wzmocnieniem z siatki szklanej pokrytej \u017cywicami epoksydowymi. W razie uszkodzenia p\u0142yty nie odpadnie ona od fasady a tym samym nie b\u0119dzie stanowi\u0142a zagro\u017cenia.<\/p>\n\n\n\n<p>Wyb\u00f3r odpowiednich p\u0142ytek elewacyjnych wymaga zrozumienia potrzeb projektu,<strong> estetyki, funkcjonalno\u015bci oraz trwa\u0142o\u015bci<\/strong>. Starannie przemy\u015blane podej\u015bcie i uwzgl\u0119dnienie powy\u017cszych czynnik\u00f3w pozwoli na wyb\u00f3r p\u0142ytek, kt\u00f3re b\u0119d\u0105 nie tylko pi\u0119kne, ale tak\u017ce funkcjonalne i trwa\u0142e przez wiele lat.<\/p>\n\n\n\n<!--HubSpot Call-to-Action Code --><span class=\"hs-cta-wrapper\" id=\"hs-cta-wrapper-f5bb379b-ccf8-4c2c-b44d-8d782e772b6b\"><span class=\"hs-cta-node hs-cta-f5bb379b-ccf8-4c2c-b44d-8d782e772b6b\" id=\"hs-cta-f5bb379b-ccf8-4c2c-b44d-8d782e772b6b\"><!--[if lte IE 8]><div id=\"hs-cta-ie-element\"><\/div><![endif]--><a href=\"https:\/\/cta-redirect.hubspot.com\/cta\/redirect\/6786297\/f5bb379b-ccf8-4c2c-b44d-8d782e772b6b\" target=\"_blank\" rel=\"noopener\"><img decoding=\"async\" class=\"hs-cta-img\" id=\"hs-cta-img-f5bb379b-ccf8-4c2c-b44d-8d782e772b6b\" style=\"border-width:0px;\" src=\"https:\/\/no-cache.hubspot.com\/cta\/default\/6786297\/f5bb379b-ccf8-4c2c-b44d-8d782e772b6b.png\"  alt=\"New call-to-action\"\/><\/a><\/span><script charset=\"utf-8\" src=\"https:\/\/js.hscta.net\/cta\/current.js\"><\/script><script type=\"text\/javascript\"> hbspt.cta.load(6786297, 'f5bb379b-ccf8-4c2c-b44d-8d782e772b6b', {\"useNewLoader\":\"true\",\"region\":\"na1\"}); <\/script><\/span><!-- end HubSpot Call-to-Action Code -->\n","protected":false},"excerpt":{"rendered":"<p>P\u0142ytki elewacyjne to jeden z wa\u017cniejszych element\u00f3w, nad kt\u00f3rym nale\u017cy si\u0119 zastanowi\u0107 w przypadku ka\u017cdego projektu, poniewa\u017c elewacje pe\u0142ni\u0105 istotn\u0105 rol\u0119 zar\u00f3wno pod wzgl\u0119dem estetycznym, jak i funkcjonalnym. Prawid\u0142owy dob\u00f3r p\u0142ytek elewacyjnych mo\u017ce znacz\u0105co wp\u0142yn\u0105\u0107 na wygl\u0105d, trwa\u0142o\u015b\u0107 oraz izolacyjno\u015b\u0107 budynku. Oto kilka kluczowych krok\u00f3w, kt\u00f3re warto wzi\u0105\u0107 pod uwag\u0119 przy wyborze p\u0142ytek elewacyjnych: Ceramika &hellip; <a href=\"https:\/\/www.rubi.com\/pl\/blog\/plytki-elewacyjne\/\">Continued<\/a><\/p>\n","protected":false},"author":25,"featured_media":59977,"comment_status":"open","ping_status":"open","sticky":false,"template":"","format":"standard","meta":{"_acf_changed":false,"content-type":"","footnotes":""},"categories":[748],"tags":[],"class_list":["post-65639","post","type-post","status-publish","format-standard","has-post-thumbnail","hentry","category-narzedzia-rubi"],"acf":[],"yoast_head":"<!-- This site is optimized with the Yoast SEO plugin v27.4 - https:\/\/yoast.com\/product\/yoast-seo-wordpress\/ -->\n<title>P\u0142ytki elewacyjne - ceramika na zewn\u0105trz budynku &#8211; RUBI Polska<\/title>\n<meta name=\"description\" content=\"P\u0142ytki elewacyjne to wa\u017cny wyb\u00f3r, bo znacz\u0105co wp\u0142ywaj\u0105 na wygl\u0105d, trwa\u0142o\u015b\u0107 oraz izolacyjno\u015b\u0107 ca\u0142ego budynku.\" \/>\n<meta name=\"robots\" content=\"index, follow, max-snippet:-1, max-image-preview:large, max-video-preview:-1\" \/>\n<meta property=\"og:locale\" content=\"pl_PL\" \/>\n<meta property=\"og:type\" content=\"article\" \/>\n<meta property=\"og:title\" content=\"P\u0142ytki elewacyjne - ceramika na zewn\u0105trz budynku &#8211; RUBI Polska\" \/>\n<meta property=\"og:description\" content=\"P\u0142ytki elewacyjne to wa\u017cny wyb\u00f3r, bo znacz\u0105co wp\u0142ywaj\u0105 na wygl\u0105d, trwa\u0142o\u015b\u0107 oraz izolacyjno\u015b\u0107 ca\u0142ego budynku.\" \/>\n<meta property=\"og:url\" content=\"https:\/\/www.rubi.com\/pl\/blog\/plytki-elewacyjne\/\" \/>\n<meta property=\"og:site_name\" content=\"RUBI Polska\" \/>\n<meta property=\"article:publisher\" content=\"https:\/\/www.instagram.com\/rubitools\/\" \/>\n<meta property=\"article:published_time\" content=\"2023-12-28T12:57:56+00:00\" \/>\n<meta property=\"article:modified_time\" content=\"2024-01-17T10:04:16+00:00\" \/>\n<meta property=\"og:image\" content=\"https:\/\/www.rubi.com\/pl\/blog\/wp-content\/uploads\/2023\/08\/Compressed.jpg\" \/>\n\t<meta property=\"og:image:width\" content=\"1024\" \/>\n\t<meta property=\"og:image:height\" content=\"683\" \/>\n\t<meta property=\"og:image:type\" content=\"image\/jpeg\" \/>\n<meta name=\"author\" content=\"Magda\" \/>\n<meta name=\"twitter:card\" content=\"summary_large_image\" \/>\n<meta name=\"twitter:creator\" content=\"@RubiTools_Es\" \/>\n<meta name=\"twitter:site\" content=\"@RubiTools_Es\" \/>\n<meta name=\"twitter:label1\" content=\"Written by\" \/>\n\t<meta name=\"twitter:data1\" content=\"Magda\" \/>\n\t<meta name=\"twitter:label2\" content=\"Est. reading time\" \/>\n\t<meta name=\"twitter:data2\" content=\"4 minutes\" \/>\n<!-- \/ Yoast SEO plugin. -->","yoast_head_json":{"title":"P\u0142ytki elewacyjne - ceramika na zewn\u0105trz budynku &#8211; RUBI Polska","description":"P\u0142ytki elewacyjne to wa\u017cny wyb\u00f3r, bo znacz\u0105co wp\u0142ywaj\u0105 na wygl\u0105d, trwa\u0142o\u015b\u0107 oraz izolacyjno\u015b\u0107 ca\u0142ego budynku.","robots":{"index":"index","follow":"follow","max-snippet":"max-snippet:-1","max-image-preview":"max-image-preview:large","max-video-preview":"max-video-preview:-1"},"og_locale":"pl_PL","og_type":"article","og_title":"P\u0142ytki elewacyjne - ceramika na zewn\u0105trz budynku &#8211; RUBI Polska","og_description":"P\u0142ytki elewacyjne to wa\u017cny wyb\u00f3r, bo znacz\u0105co wp\u0142ywaj\u0105 na wygl\u0105d, trwa\u0142o\u015b\u0107 oraz izolacyjno\u015b\u0107 ca\u0142ego budynku.","og_url":"https:\/\/www.rubi.com\/pl\/blog\/plytki-elewacyjne\/","og_site_name":"RUBI Polska","article_publisher":"https:\/\/www.instagram.com\/rubitools\/","article_published_time":"2023-12-28T12:57:56+00:00","article_modified_time":"2024-01-17T10:04:16+00:00","og_image":[{"width":1024,"height":683,"url":"https:\/\/www.rubi.com\/pl\/blog\/wp-content\/uploads\/2023\/08\/Compressed.jpg","type":"image\/jpeg"}],"author":"Magda","twitter_card":"summary_large_image","twitter_creator":"@RubiTools_Es","twitter_site":"@RubiTools_Es","twitter_misc":{"Written by":"Magda","Est. reading time":"4 minutes"},"schema":{"@context":"https:\/\/schema.org","@graph":[{"@type":"WebPage","@id":"https:\/\/www.rubi.com\/pl\/blog\/plytki-elewacyjne\/","url":"https:\/\/www.rubi.com\/pl\/blog\/plytki-elewacyjne\/","name":"P\u0142ytki elewacyjne - ceramika na zewn\u0105trz budynku &#8211; RUBI Polska","isPartOf":{"@id":"https:\/\/www.rubi.com\/pl\/#website"},"primaryImageOfPage":{"@id":"https:\/\/www.rubi.com\/pl\/blog\/plytki-elewacyjne\/#primaryimage"},"image":{"@id":"https:\/\/www.rubi.com\/pl\/blog\/plytki-elewacyjne\/#primaryimage"},"thumbnailUrl":"https:\/\/www.rubi.com\/pl\/blog\/wp-content\/uploads\/2023\/08\/Compressed.jpg","datePublished":"2023-12-28T12:57:56+00:00","dateModified":"2024-01-17T10:04:16+00:00","description":"P\u0142ytki elewacyjne to wa\u017cny wyb\u00f3r, bo znacz\u0105co wp\u0142ywaj\u0105 na wygl\u0105d, trwa\u0142o\u015b\u0107 oraz izolacyjno\u015b\u0107 ca\u0142ego budynku.","breadcrumb":{"@id":"https:\/\/www.rubi.com\/pl\/blog\/plytki-elewacyjne\/#breadcrumb"},"inLanguage":"pl-PL","potentialAction":[{"@type":"ReadAction","target":["https:\/\/www.rubi.com\/pl\/blog\/plytki-elewacyjne\/"]}]},{"@type":"ImageObject","inLanguage":"pl-PL","@id":"https:\/\/www.rubi.com\/pl\/blog\/plytki-elewacyjne\/#primaryimage","url":"https:\/\/www.rubi.com\/pl\/blog\/wp-content\/uploads\/2023\/08\/Compressed.jpg","contentUrl":"https:\/\/www.rubi.com\/pl\/blog\/wp-content\/uploads\/2023\/08\/Compressed.jpg","width":1024,"height":683,"caption":"carrelage mur exterieur"},{"@type":"BreadcrumbList","@id":"https:\/\/www.rubi.com\/pl\/blog\/plytki-elewacyjne\/#breadcrumb","itemListElement":[{"@type":"ListItem","position":1,"name":"Home","item":"https:\/\/www.rubi.com\/pl\/"},{"@type":"ListItem","position":2,"name":"P\u0142ytki elewacyjne &#8211; ceramika na zewn\u0105trz budynku"}]},{"@type":"WebSite","@id":"https:\/\/www.rubi.com\/pl\/#website","url":"https:\/\/www.rubi.com\/pl\/","name":"RUBI Polska","description":"","publisher":{"@id":"https:\/\/www.rubi.com\/pl\/#organization"},"potentialAction":[{"@type":"SearchAction","target":{"@type":"EntryPoint","urlTemplate":"https:\/\/www.rubi.com\/pl\/?s={search_term_string}"},"query-input":{"@type":"PropertyValueSpecification","valueRequired":true,"valueName":"search_term_string"}}],"inLanguage":"pl-PL"},{"@type":"Organization","@id":"https:\/\/www.rubi.com\/pl\/#organization","name":"RUBI Tools Polski","url":"https:\/\/www.rubi.com\/pl\/","logo":{"@type":"ImageObject","inLanguage":"pl-PL","@id":"https:\/\/www.rubi.com\/pl\/#\/schema\/logo\/image\/","url":"https:\/\/www.rubi.com\/fr\/blog\/wp-content\/uploads\/2021\/09\/rubi-logo-new.png","contentUrl":"https:\/\/www.rubi.com\/fr\/blog\/wp-content\/uploads\/2021\/09\/rubi-logo-new.png","width":300,"height":300,"caption":"RUBI Tools Polski"},"image":{"@id":"https:\/\/www.rubi.com\/pl\/#\/schema\/logo\/image\/"},"sameAs":["https:\/\/www.instagram.com\/rubitools\/","https:\/\/x.com\/RubiTools_Es","https:\/\/www.linkedin.com\/company\/rubi-group\/","https:\/\/www.youtube.com\/c\/ClubRubi"]}]}},"_links":{"self":[{"href":"https:\/\/www.rubi.com\/pl\/blog\/wp-json\/wp\/v2\/posts\/65639","targetHints":{"allow":["GET"]}}],"collection":[{"href":"https:\/\/www.rubi.com\/pl\/blog\/wp-json\/wp\/v2\/posts"}],"about":[{"href":"https:\/\/www.rubi.com\/pl\/blog\/wp-json\/wp\/v2\/types\/post"}],"author":[{"embeddable":true,"href":"https:\/\/www.rubi.com\/pl\/blog\/wp-json\/wp\/v2\/users\/25"}],"replies":[{"embeddable":true,"href":"https:\/\/www.rubi.com\/pl\/blog\/wp-json\/wp\/v2\/comments?post=65639"}],"version-history":[{"count":9,"href":"https:\/\/www.rubi.com\/pl\/blog\/wp-json\/wp\/v2\/posts\/65639\/revisions"}],"predecessor-version":[{"id":67454,"href":"https:\/\/www.rubi.com\/pl\/blog\/wp-json\/wp\/v2\/posts\/65639\/revisions\/67454"}],"wp:featuredmedia":[{"embeddable":true,"href":"https:\/\/www.rubi.com\/pl\/blog\/wp-json\/wp\/v2\/media\/59977"}],"wp:attachment":[{"href":"https:\/\/www.rubi.com\/pl\/blog\/wp-json\/wp\/v2\/media?parent=65639"}],"wp:term":[{"taxonomy":"category","embeddable":true,"href":"https:\/\/www.rubi.com\/pl\/blog\/wp-json\/wp\/v2\/categories?post=65639"},{"taxonomy":"post_tag","embeddable":true,"href":"https:\/\/www.rubi.com\/pl\/blog\/wp-json\/wp\/v2\/tags?post=65639"}],"curies":[{"name":"wp","href":"https:\/\/api.w.org\/{rel}","templated":true}]}}