{"id":25712,"date":"2020-09-30T16:59:58","date_gmt":"2020-09-30T16:59:58","guid":{"rendered":"https:\/\/www.rubi.com\/blog\/blog\/cortador-eletrico-de-ceramica\/"},"modified":"2022-05-10T21:40:34","modified_gmt":"2022-05-10T19:40:34","slug":"cortador-eletrico-de-ceramica","status":"publish","type":"post","link":"https:\/\/www.rubi.com\/pt\/blog\/cortador-eletrico-de-ceramica\/","title":{"rendered":"Cortador el\u00e9trico de cer\u00e2mica"},"content":{"rendered":"\n<p>O cortador el\u00e9trico de cer\u00e2mica \u00e9 a ferramenta ideal para <strong>cortar materiais mais duros e grossos, sem esfor\u00e7o <\/strong>e com um acabamento de qualidade muito superior ao dos cortadores manuais. Com o cortador el\u00e9trico, o corte \u00e9 realizado com um disco diamantado, permitindo que os diversos <a rel=\"noreferrer noopener\" href=\"https:\/\/www.rubi.com\/pt\/blog\/cortes-das-cortadoras-electricas\/\" target=\"_blank\">tipos de cortes dos cortadores el\u00e9tricos<\/a> (rectos, chanfros, etc.) sejam feitos com grande<strong> qualidade e precis\u00e3o <\/strong>em qualquer tipo de revestimento cer\u00e2mico, seja porcelanato, gr\u00e9s esmaltado ou azulejo.&nbsp;<\/p>\n\n\n\n<h2 class=\"wp-block-heading\">Tipos de cortadores el\u00e9tricos:&nbsp;<\/h2>\n\n\n\n<p>Hoje em dia, existem dois tipo de cortadores el\u00e9tricos:&nbsp;<\/p>\n\n\n\n<ol class=\"wp-block-list\"><li><strong>Cortador el\u00e9trico port\u00e1til:<\/strong> Ideal para constru\u00e7\u00f5es mais leves e compactas<\/li><li><strong>Cortador el\u00e9trico mais robustos:<\/strong> Geralmente equipados com chassis e pernas e por isso, s\u00e3o tamb\u00e9m maiores e mais pesados.&nbsp;<\/li><\/ol>\n\n\n\n<p>Al\u00e9m disso, podemos ainda fazer outras duas diferencia\u00e7\u00f5es:<\/p>\n\n\n\n<ol class=\"wp-block-list\"><li><strong>Cortadores de cabe\u00e7a m\u00f3vel,<\/strong> onde o motor e o disco realizam o movimento de corte.<\/li><li><strong>Cortadores de mesa m\u00f3veis,<\/strong> onde a cabe\u00e7a de corte \u00e9 fixa e \u00e9 a mesa e a pe\u00e7a que se move para realizar o corte.<\/li><\/ol>\n\n\n\n<h3 class=\"wp-block-heading\"><strong>Discos de diamante para cortadores el\u00e9ctricos<\/strong><\/h3>\n\n\n\n<figure class=\"wp-block-gallery columns-1 is-cropped wp-block-gallery-1 is-layout-flex wp-block-gallery-is-layout-flex\"><ul class=\"blocks-gallery-grid\"><li class=\"blocks-gallery-item\"><figure><img decoding=\"async\" src=\"https:\/\/www.rubi.com\/pt\/blog\/wp-content\/uploads\/2020\/09\/discos-diamantados-rubi.png\" alt=\"\" data-id=\"169\" data-full-url=\"https:\/\/www.rubi.com\/pt\/blog\/wp-content\/uploads\/2020\/09\/discos-diamantados-rubi.png\" data-link=\"https:\/\/www.rubi.com\/pt\/blog\/discos-diamantados-ecd\/discos-diamantados-rubi\/\" class=\"wp-image-169\"\/><\/figure><\/li><\/ul><\/figure>\n\n\n\n<p>A par do desempenho de cada cortador, o tipo e a qualidade do<a rel=\"noreferrer noopener\" href=\"https:\/\/www.rubi.com\/pt\/categorias\/discos-de-diamante-para-desbaste\" target=\"_blank\"> disco de diamante<\/a> usado \u00e9 um dos aspectos mais importantes para <strong>conseguir o corte ideal.<\/strong> A sele\u00e7\u00e3o do disco diamantado a ser usado com o cortador el\u00e9trico <strong>depende sobretudo do material <\/strong>a ser cortado.&nbsp;<\/p>\n\n\n\n<p>Devido \u00e0 grande diversidade de revestimentos cer\u00e2micos e de materiais de constru\u00e7\u00e3o, existe tamb\u00e9m uma grande variedade de discos com diferentes caracter\u00edsticas. Nesse sentido, a decis\u00e3o final dever\u00e1 recair no que \u00e9 mais importante: <strong>se a precis\u00e3o, a durabilidade ou a velocidade do corte.<\/strong>&nbsp;<\/p>\n\n\n\n<p class=\"has-text-align-center\">Assim sendo, podemos dizer que <strong>o tipo e a qualidade da l\u00e2mina de diamante, juntamente com a precis\u00e3o do cortador, determinam a qualidade do corte.&nbsp;<\/strong><\/p>\n\n\n\n<p>Por sua vez, dependendo da correia, tamb\u00e9m diferentes qualidades e velocidades de corte ser\u00e3o obtidas. Logo, quanto melhor a qualidade do corte, mais lento ser\u00e1.<\/p>\n\n\n\n<h2 class=\"wp-block-heading\"><strong>Como escolher o melhor cortador el\u00e9trico<\/strong><\/h2>\n\n\n\n<figure class=\"wp-block-gallery columns-1 is-cropped wp-block-gallery-2 is-layout-flex wp-block-gallery-is-layout-flex\"><ul class=\"blocks-gallery-grid\"><li class=\"blocks-gallery-item\"><figure><img decoding=\"async\" width=\"667\" height=\"480\" src=\"https:\/\/www.rubi.com\/pt\/blog\/wp-content\/uploads\/2020\/09\/cortadores-electricos.png\" alt=\"\" data-id=\"298\" data-full-url=\"https:\/\/www.rubi.com\/pt\/blog\/wp-content\/uploads\/2020\/09\/cortadores-electricos.png\" data-link=\"https:\/\/www.rubi.com\/pt\/blog\/?attachment_id=298\" class=\"wp-image-25713\" srcset=\"https:\/\/www.rubi.com\/pt\/blog\/wp-content\/uploads\/2020\/09\/cortadores-electricos.png 667w, https:\/\/www.rubi.com\/pt\/blog\/wp-content\/uploads\/2020\/09\/cortadores-electricos-300x216.png 300w\" sizes=\"(max-width: 667px) 100vw, 667px\" \/><\/figure><\/li><\/ul><\/figure>\n\n\n\n<p>Na hora de escolher a melhor ferramenta de <a rel=\"noreferrer noopener\" href=\"https:\/\/www.rubi.com\/pt\/secoes\/corte-electrico\" target=\"_blank\">corte el\u00e9trico<\/a> de cer\u00e2mica, h\u00e1 uma s\u00e9rie de aspectos que s\u00e3o comuns aos cortadores manuais. Falamos, por exemplo, do n\u00edvel de uso, mas tamb\u00e9m do tipo de cer\u00e2mica e tamanho. Al\u00e9m disso, existem outros cinco fatores a ter em conta, ora veja:<\/p>\n\n\n\n<h3 class=\"wp-block-heading\">1. <strong>Energia:&nbsp;<\/strong><\/h3>\n\n\n\n<p>As m\u00e1quinas el\u00e9tricas oferecem v\u00e1rios n\u00edveis de energia. Assim sendo, avalie sempre quanta energia \u00e9 necess\u00e1ria. Embora todos os cortadores el\u00e9tricos sejam adequados para cortar porcelana, <strong>\u00e9 necess\u00e1ria uma pot\u00eancia m\u00ednima de 1,5 HP para fazer um corte profissional<\/strong>.<\/p>\n\n\n\n<h3 class=\"wp-block-heading\">2. <strong>Efeito cut-off:&nbsp;<\/strong><\/h3>\n\n\n\n<p>Alguns modelos de cortadores el\u00e9tricos possuem o chamado efeito cut-off. Deste modo, \u00e9 poss\u00edvel <strong>ajustar a altura de corte<\/strong>, mesmo com a m\u00e1quina em funcionamento, gra\u00e7as a um mecanismo que permite elevar e baixar o disco at\u00e9 ao n\u00edvel desejado.<\/p>\n\n\n\n<h3 class=\"wp-block-heading\">3. <strong>Tamanho do disco:&nbsp;<\/strong><\/h3>\n\n\n\n<p>Cada modelo de cortador el\u00e9trico \u00e9 projetado e otimizado para o uso de apenas um tamanho de disco, sendo que existem diferentes tamanhos de discos, podendo ir <strong>dos 115 aos 350 mm<\/strong>.<\/p>\n\n\n\n<h3 class=\"wp-block-heading\">4. <strong>Altura m\u00e1xima de corte:&nbsp;<\/strong><\/h3>\n\n\n\n<p>Nos cortadores el\u00e9tricos com efeito oscilante pode ser feito um \u201cpasse duplo\u201d para alturas superiores \u00e0 espessura do disco, de modo a virar a pe\u00e7a cer\u00e2mica e a cortar pelo lado oposto. Isso p<strong>ermite que a altura m\u00e1xima de corte seja praticamente duplicada<\/strong>. \u00b7<\/p>\n\n\n\n<h3 class=\"wp-block-heading\">5. <strong>Comprimento m\u00e1ximo de corte:&nbsp;<\/strong><\/h3>\n\n\n\n<p>Quanto ao tamanho do cortador el\u00e9trico, este ser\u00e1 em rela\u00e7\u00e3o ao comprimento da cer\u00e2mica a ser cortada.<\/p>\n\n\n\n<figure class=\"wp-block-embed is-type-wp-embed is-provider-building-together wp-block-embed-building-together is-provider-blog-rubi-pt\"><div class=\"wp-block-embed__wrapper\">\n<blockquote class=\"wp-embedded-content\" data-secret=\"q0RArlomZl\"><a href=\"https:\/\/www.rubi.com\/pt\/blog\/cortador-manual-de-ceramica\/\">Cortador manual de cer\u00e2mica<\/a><\/blockquote><iframe class=\"wp-embedded-content\" sandbox=\"allow-scripts\" security=\"restricted\" style=\"position: absolute; clip: rect(1px, 1px, 1px, 1px);\" title=\"&#8220;Cortador manual de cer\u00e2mica&#8221; &#8212; Building Together\" src=\"https:\/\/www.rubi.com\/pt\/blog\/cortador-manual-de-ceramica\/embed\/#?secret=PJQoGPFeh9#?secret=q0RArlomZl\" data-secret=\"q0RArlomZl\" width=\"500\" height=\"282\" frameborder=\"0\" marginwidth=\"0\" marginheight=\"0\" scrolling=\"no\"><\/iframe>\n<\/div><\/figure>\n","protected":false},"excerpt":{"rendered":"<p>Na hora de comprar um (bom) cortador el\u00e9trico de cer\u00e2mica existem v\u00e1rios fatores e aspectos que deve ter em conta. Veja quais s\u00e3o.<\/p>\n","protected":false},"author":53,"featured_media":25714,"comment_status":"open","ping_status":"closed","sticky":false,"template":"","format":"standard","meta":{"_acf_changed":false,"content-type":"","footnotes":""},"categories":[844,840],"tags":[845],"class_list":["post-25712","post","type-post","status-publish","format-standard","has-post-thumbnail","hentry","category-dicas-e-truques","category-rubi-tools","tag-cortador-eletrico"],"acf":[],"yoast_head":"<!-- This site is optimized with the Yoast SEO plugin v27.4 - https:\/\/yoast.com\/product\/yoast-seo-wordpress\/ -->\n<title>Como escolher o melhor cortador el\u00e9trico de cer\u00e2mica - RUBI<\/title>\n<meta name=\"description\" content=\"Na hora de comprar um (bom) cortador el\u00e9trico de cer\u00e2mica existem v\u00e1rios fatores e aspectos que deve ter em conta. Veja quais s\u00e3o.\" \/>\n<meta name=\"robots\" content=\"index, follow, max-snippet:-1, max-image-preview:large, max-video-preview:-1\" \/>\n<meta property=\"og:locale\" content=\"pt_PT\" \/>\n<meta property=\"og:type\" content=\"article\" \/>\n<meta property=\"og:title\" content=\"Como escolher o melhor cortador el\u00e9trico de cer\u00e2mica - RUBI\" \/>\n<meta property=\"og:description\" content=\"Na hora de comprar um (bom) cortador el\u00e9trico de cer\u00e2mica existem v\u00e1rios fatores e aspectos que deve ter em conta. Veja quais s\u00e3o.\" \/>\n<meta property=\"og:url\" content=\"https:\/\/www.rubi.com\/pt\/blog\/cortador-eletrico-de-ceramica\/\" \/>\n<meta property=\"og:site_name\" content=\"RUBI Portugal\" \/>\n<meta property=\"article:publisher\" content=\"https:\/\/www.instagram.com\/rubitools\/\" \/>\n<meta property=\"article:author\" content=\"https:\/\/www.facebook.com\/quimrubitools\/?locale=es_ES\" \/>\n<meta property=\"article:published_time\" content=\"2020-09-30T16:59:58+00:00\" \/>\n<meta property=\"article:modified_time\" content=\"2022-05-10T19:40:34+00:00\" \/>\n<meta property=\"og:image\" content=\"https:\/\/www.rubi.com\/pt\/blog\/wp-content\/uploads\/2020\/09\/cortador-eletrico-de-ceramica.png\" \/>\n\t<meta property=\"og:image:width\" content=\"1200\" \/>\n\t<meta property=\"og:image:height\" content=\"800\" \/>\n\t<meta property=\"og:image:type\" content=\"image\/png\" \/>\n<meta name=\"author\" content=\"Berta\" \/>\n<meta name=\"twitter:card\" content=\"summary_large_image\" \/>\n<meta name=\"twitter:creator\" content=\"@RubiTools_Es\" \/>\n<meta name=\"twitter:site\" content=\"@RubiTools_Es\" \/>\n<meta name=\"twitter:label1\" content=\"Written by\" \/>\n\t<meta name=\"twitter:data1\" content=\"Berta\" \/>\n\t<meta name=\"twitter:label2\" content=\"Est. reading time\" \/>\n\t<meta name=\"twitter:data2\" content=\"3 minutes\" \/>\n<!-- \/ Yoast SEO plugin. -->","yoast_head_json":{"title":"Como escolher o melhor cortador el\u00e9trico de cer\u00e2mica - RUBI","description":"Na hora de comprar um (bom) cortador el\u00e9trico de cer\u00e2mica existem v\u00e1rios fatores e aspectos que deve ter em conta. Veja quais s\u00e3o.","robots":{"index":"index","follow":"follow","max-snippet":"max-snippet:-1","max-image-preview":"max-image-preview:large","max-video-preview":"max-video-preview:-1"},"og_locale":"pt_PT","og_type":"article","og_title":"Como escolher o melhor cortador el\u00e9trico de cer\u00e2mica - RUBI","og_description":"Na hora de comprar um (bom) cortador el\u00e9trico de cer\u00e2mica existem v\u00e1rios fatores e aspectos que deve ter em conta. Veja quais s\u00e3o.","og_url":"https:\/\/www.rubi.com\/pt\/blog\/cortador-eletrico-de-ceramica\/","og_site_name":"RUBI Portugal","article_publisher":"https:\/\/www.instagram.com\/rubitools\/","article_author":"https:\/\/www.facebook.com\/quimrubitools\/?locale=es_ES","article_published_time":"2020-09-30T16:59:58+00:00","article_modified_time":"2022-05-10T19:40:34+00:00","og_image":[{"width":1200,"height":800,"url":"https:\/\/www.rubi.com\/pt\/blog\/wp-content\/uploads\/2020\/09\/cortador-eletrico-de-ceramica.png","type":"image\/png"}],"author":"Berta","twitter_card":"summary_large_image","twitter_creator":"@RubiTools_Es","twitter_site":"@RubiTools_Es","twitter_misc":{"Written by":"Berta","Est. reading time":"3 minutes"},"schema":{"@context":"https:\/\/schema.org","@graph":[{"@type":"WebPage","@id":"https:\/\/www.rubi.com\/pt\/blog\/cortador-eletrico-de-ceramica\/","url":"https:\/\/www.rubi.com\/pt\/blog\/cortador-eletrico-de-ceramica\/","name":"Como escolher o melhor cortador el\u00e9trico de cer\u00e2mica - RUBI","isPartOf":{"@id":"https:\/\/www.rubi.com\/pt\/#website"},"primaryImageOfPage":{"@id":"https:\/\/www.rubi.com\/pt\/blog\/cortador-eletrico-de-ceramica\/#primaryimage"},"image":{"@id":"https:\/\/www.rubi.com\/pt\/blog\/cortador-eletrico-de-ceramica\/#primaryimage"},"thumbnailUrl":"https:\/\/www.rubi.com\/pt\/blog\/wp-content\/uploads\/2020\/09\/cortador-eletrico-de-ceramica.png","datePublished":"2020-09-30T16:59:58+00:00","dateModified":"2022-05-10T19:40:34+00:00","description":"Na hora de comprar um (bom) cortador el\u00e9trico de cer\u00e2mica existem v\u00e1rios fatores e aspectos que deve ter em conta. Veja quais s\u00e3o.","breadcrumb":{"@id":"https:\/\/www.rubi.com\/pt\/blog\/cortador-eletrico-de-ceramica\/#breadcrumb"},"inLanguage":"pt-PT","potentialAction":[{"@type":"ReadAction","target":["https:\/\/www.rubi.com\/pt\/blog\/cortador-eletrico-de-ceramica\/"]}]},{"@type":"ImageObject","inLanguage":"pt-PT","@id":"https:\/\/www.rubi.com\/pt\/blog\/cortador-eletrico-de-ceramica\/#primaryimage","url":"https:\/\/www.rubi.com\/pt\/blog\/wp-content\/uploads\/2020\/09\/cortador-eletrico-de-ceramica.png","contentUrl":"https:\/\/www.rubi.com\/pt\/blog\/wp-content\/uploads\/2020\/09\/cortador-eletrico-de-ceramica.png","width":1200,"height":800,"caption":"cortador eletrico de ceramica"},{"@type":"BreadcrumbList","@id":"https:\/\/www.rubi.com\/pt\/blog\/cortador-eletrico-de-ceramica\/#breadcrumb","itemListElement":[{"@type":"ListItem","position":1,"name":"Home","item":"https:\/\/www.rubi.com\/pt\/"},{"@type":"ListItem","position":2,"name":"Cortador el\u00e9trico de cer\u00e2mica"}]},{"@type":"WebSite","@id":"https:\/\/www.rubi.com\/pt\/#website","url":"https:\/\/www.rubi.com\/pt\/","name":"RUBI Portugal","description":"","publisher":{"@id":"https:\/\/www.rubi.com\/pt\/#organization"},"potentialAction":[{"@type":"SearchAction","target":{"@type":"EntryPoint","urlTemplate":"https:\/\/www.rubi.com\/pt\/?s={search_term_string}"},"query-input":{"@type":"PropertyValueSpecification","valueRequired":true,"valueName":"search_term_string"}}],"inLanguage":"pt-PT"},{"@type":"Organization","@id":"https:\/\/www.rubi.com\/pt\/#organization","name":"RUBI Tools Portugu\u00eas","url":"https:\/\/www.rubi.com\/pt\/","logo":{"@type":"ImageObject","inLanguage":"pt-PT","@id":"https:\/\/www.rubi.com\/pt\/#\/schema\/logo\/image\/","url":"https:\/\/www.rubi.com\/fr\/blog\/wp-content\/uploads\/2021\/09\/rubi-logo-new.png","contentUrl":"https:\/\/www.rubi.com\/fr\/blog\/wp-content\/uploads\/2021\/09\/rubi-logo-new.png","width":300,"height":300,"caption":"RUBI Tools Portugu\u00eas"},"image":{"@id":"https:\/\/www.rubi.com\/pt\/#\/schema\/logo\/image\/"},"sameAs":["https:\/\/www.instagram.com\/rubitools\/","https:\/\/x.com\/RubiTools_Es","https:\/\/www.linkedin.com\/company\/rubi-group\/","https:\/\/www.youtube.com\/c\/ClubRubi"]}]}},"_links":{"self":[{"href":"https:\/\/www.rubi.com\/pt\/blog\/wp-json\/wp\/v2\/posts\/25712","targetHints":{"allow":["GET"]}}],"collection":[{"href":"https:\/\/www.rubi.com\/pt\/blog\/wp-json\/wp\/v2\/posts"}],"about":[{"href":"https:\/\/www.rubi.com\/pt\/blog\/wp-json\/wp\/v2\/types\/post"}],"author":[{"embeddable":true,"href":"https:\/\/www.rubi.com\/pt\/blog\/wp-json\/wp\/v2\/users\/53"}],"replies":[{"embeddable":true,"href":"https:\/\/www.rubi.com\/pt\/blog\/wp-json\/wp\/v2\/comments?post=25712"}],"version-history":[{"count":3,"href":"https:\/\/www.rubi.com\/pt\/blog\/wp-json\/wp\/v2\/posts\/25712\/revisions"}],"predecessor-version":[{"id":37252,"href":"https:\/\/www.rubi.com\/pt\/blog\/wp-json\/wp\/v2\/posts\/25712\/revisions\/37252"}],"wp:featuredmedia":[{"embeddable":true,"href":"https:\/\/www.rubi.com\/pt\/blog\/wp-json\/wp\/v2\/media\/25714"}],"wp:attachment":[{"href":"https:\/\/www.rubi.com\/pt\/blog\/wp-json\/wp\/v2\/media?parent=25712"}],"wp:term":[{"taxonomy":"category","embeddable":true,"href":"https:\/\/www.rubi.com\/pt\/blog\/wp-json\/wp\/v2\/categories?post=25712"},{"taxonomy":"post_tag","embeddable":true,"href":"https:\/\/www.rubi.com\/pt\/blog\/wp-json\/wp\/v2\/tags?post=25712"}],"curies":[{"name":"wp","href":"https:\/\/api.w.org\/{rel}","templated":true}]}}