{"id":25764,"date":"2016-10-25T07:08:37","date_gmt":"2016-10-25T05:08:37","guid":{"rendered":"https:\/\/www.rubi.com\/blog\/blog\/cortes-das-cortadoras-electricas\/"},"modified":"2025-02-17T15:12:04","modified_gmt":"2025-02-17T13:12:04","slug":"cortes-das-cortadoras-electricas","status":"publish","type":"post","link":"https:\/\/www.rubi.com\/pt\/blog\/cortes-das-cortadoras-electricas\/","title":{"rendered":"Cortes das cortadoras el\u00e9ctricas"},"content":{"rendered":"\n<h2 class=\"wp-block-heading\">Cortes das cortadoras el\u00e9ctricas: corte direto ou corte m\u00e1ximo<\/h2>\n\n\n\n<p>Cortes das cortadoras el\u00e9ctricas, conhece-os bem?<\/p>\n\n\n\n<p>Primeiramente, como sabe, existem v\u00e1rios cortes das cortadoras el\u00e9ctricas. Ali\u00e1s, todos as cortadoras el\u00e9ctricas para pe\u00e7as cer\u00e2micas<strong> possuem uma capacidade m\u00e1xima de corte<\/strong>. Ou seja, o comprimento m\u00e1ximo que cada m\u00e1quina pode cortar.<\/p>\n\n\n\n<p>No caso espec\u00edfico das cortadoras de cabe\u00e7a m\u00f3veis, essa capacidade \u00e9 geralmente<strong> expressa em cm. <\/strong>Al\u00e9m disso, <strong>contemplam o deslocamento longitudinal e m\u00e1ximo <\/strong>que o disco pode fazer para efetuar o corte.<\/p>\n\n\n\n<h3 class=\"wp-block-heading\">A cabe\u00e7a m\u00f3vel em altura<\/h3>\n\n\n\n<p>Agora, h\u00e1 uma tipologia de <a href=\"https:\/\/www.rubi.com\/pt\/secoes\/corte-electrico\">cortadoras el\u00e9tricas<\/a> que permite<strong> ajustar a altura de corte. <\/strong>Tal \u00e9 feito com<strong> um mecanismo que possibilita subir e baixar o disco, mesmo com a m\u00e1quina em opera\u00e7\u00e3o. <\/strong>\u00c9 a isto que chamamos de &#8220;cabe\u00e7a m\u00f3vel em altura&#8221;.<\/p>\n\n\n\n<p>Assim sendo, no que diz respeito \u00e0s m\u00e1quinas com cabe\u00e7a m\u00f3vel em altura, h\u00e1 que saber diferenciar as diferentes capacidade de corte. Ora veja:<\/p>\n\n\n\n<ul class=\"wp-block-list\">\n<li><strong>Capacidade de corte direto:<\/strong> Em que o disco est\u00e1 na sua posi\u00e7\u00e3o mais baixa e temos o espa\u00e7o entre a extremidade do disco e o quadrado (ou r\u00e9gua) da mesa.<\/li>\n\n\n\n<li><strong>Capacidade de corte m\u00e1ximo: <\/strong>Em que o disco, gra\u00e7as ao efeito de corte, \u00e9 colocado na posi\u00e7\u00e3o mais alta, come\u00e7ando a cortar verticalmente. Sendo que quando o disco est\u00e1 na posi\u00e7\u00e3o mais baixa, ele \u00e9 cortado longitudinalmente.<\/li>\n<\/ul>\n\n\n\n<p>Nesse sentido, devemos ter sempre em conta todos estes aspectos. Afinal, n\u00e3o se trata apenas de saber que tipos de cortes podemos fazer, mas tamb\u00e9m com que formatos de blocos podemos trabalhar.<\/p>\n\n\n\n<h3 class=\"wp-block-heading\">O corte em chanfre<\/h3>\n\n\n\n<p>Para melhor explicar esta situa\u00e7\u00e3o, vamos dar como exemplo, o corte em chanfre.<\/p>\n\n\n\n<p>Para ser poss\u00edvel mitigar, com uma cortadora el\u00e9ctrica com cabe\u00e7a m\u00f3vel em altura e efeito, devemos definir o corte direto deste, como um corte de capacidade m\u00e1xima.<\/p>\n\n\n\n<p>Actualmente, a grande vantagem das m\u00e1quinas com efeito de corte \u00e9 que oferecem uma grande versatilidade e variedade de cortes e materiais. Assim sendo, com as cortadoras el\u00e9tricas, <strong>podemos fazer:<\/strong><\/p>\n\n\n\n<ul class=\"wp-block-list\">\n<li><strong>Incis\u00f5es diretamente na superf\u00edcie<\/strong> das pe\u00e7as cer\u00e2micas ou pedras naturais,<\/li>\n\n\n\n<li><strong>Cortes em U, <\/strong><\/li>\n\n\n\n<li><strong>Ranhuras para acabamento de escadas <\/strong>ou <\/li>\n\n\n\n<li><strong>Cortar grandes espessuras <\/strong>em duas passagens, por exemplo.<\/li>\n<\/ul>\n\n\n\n<p>Como pode ver, a cabe\u00e7a m\u00f3vel em altura <strong>permite-nos aumentar a capacidade de corte dos nossos cortadores el\u00e9tricos<\/strong><\/p>\n\n\n\r\n    <iframe width=\"560\" height=\"315\" \r\ndata-cookieblock-src=\"https:\/\/www.youtube.com\/embed\/Hegy4GRonxg?si=WUliGMykc2EVttag\" \r\ndata-cookieconsent=\"marketing\"\r\ntitle=\"YouTube video player\" frameborder=\"0\" allow=\"accelerometer; autoplay; clipboard-write; encrypted-media; gyroscope; picture-in-picture; web-share\" referrerpolicy=\"strict-origin-when-cross-origin\" allowfullscreen>\r\n<\/iframe>\r\n\r\n<div class=\"cookieconsent-optout-marketing\"\r\nstyle=\"background: #ddd;justify-content: center;text-align: center;margin: 2rem 0rem;flex-direction: column;width: 100%;padding: 4rem 0rem;\">\r\n    <p style=\"text-align: center;\">\r\n        <img decoding=\"async\" style=\"margin: 0 auto; width: 70px;\" src=\"https:\/\/www.rubi.com\/pt\/blog\/wp-content\/plugins\/cbk-core\/eye_inactive.png\" alt=\"Aceitar Cookies\" \/>\r\n    <\/p>\r\n    <p style=\"text-align: center;\">Por favor aceite os cookies para ver este v\u00eddeo<\/p>\r\n    <a style=\"display: inline-block; padding: .5rem 4rem; background: #000; color: #fff; margin: 0 auto; transition: all .3s;\" href=\"javascript:Cookiebot.renew()\">\r\n        Aceitar Cookies\r\n    <\/a>\r\n<\/div>\n\n\n\n<p>Como fabricante e l\u00edder de ferramentas para corte e assentamento de revestimentos cer\u00e2micos, a RUBI oferece uma ampla variedade de documenta\u00e7\u00e3o para consulta. Desde manuais, a fichas de instru\u00e7\u00e3o ou v\u00eddeos, por exemplo, que pode encontrar no nosso site. Sem esquecer dos m\u00faltiplos canais de comunica\u00e7\u00e3o direta, como as nossas redes sociais. Ou seja, em caso de d\u00favida, n\u00e3o hesite em nos contactar!<\/p>\n\n\n\n<figure class=\"wp-block-embed-wordpress wp-block-embed is-type-wp-embed is-provider-blog-rubi-pt\"><div class=\"wp-block-embed__wrapper\">\n<blockquote class=\"wp-embedded-content\" data-secret=\"zybogi8aGV\"><a href=\"https:\/\/www.rubi.com\/pt\/blog\/tipos-de-cortes-de-ceramica\/\">Tipos de cortes de cer\u00e2mica<\/a><\/blockquote><iframe class=\"wp-embedded-content\" sandbox=\"allow-scripts\" security=\"restricted\" style=\"position: absolute; visibility: hidden;\" title=\"&#8220;Tipos de cortes de cer\u00e2mica&#8221; &#8212; RUBI Portugal\" src=\"https:\/\/www.rubi.com\/pt\/blog\/tipos-de-cortes-de-ceramica\/embed\/#?secret=FiSV76iu1G#?secret=zybogi8aGV\" data-secret=\"zybogi8aGV\" width=\"500\" height=\"282\" frameborder=\"0\" marginwidth=\"0\" marginheight=\"0\" scrolling=\"no\"><\/iframe>\n<\/div><\/figure>\n\n\n\n<p class=\"has-text-align-center\"><strong>Se j\u00e1 experimentou o efeito cabe\u00e7a m\u00f3vel em altura, conte-nos a sua experi\u00eancia nos coment\u00e1rios mais abaixo!<\/strong><\/p>\n","protected":false},"excerpt":{"rendered":"<p>Cortes dos cortadores el\u00e9ctricos, ser\u00e1 que os conhece bem?<\/p>\n","protected":false},"author":53,"featured_media":25765,"comment_status":"open","ping_status":"closed","sticky":false,"template":"","format":"standard","meta":{"_acf_changed":false,"content-type":"","footnotes":""},"categories":[844,840],"tags":[845,849],"class_list":["post-25764","post","type-post","status-publish","format-standard","has-post-thumbnail","hentry","category-dicas-e-truques","category-rubi-tools","tag-cortador-eletrico","tag-cortes-de-ceramica"],"acf":[],"yoast_head":"<!-- This site is optimized with the Yoast SEO plugin v27.4 - https:\/\/yoast.com\/product\/yoast-seo-wordpress\/ -->\n<title>Cortes das cortadoras el\u00e9ctricas: corte direto ou m\u00e1ximo &#8211; RUBI Portugal<\/title>\n<meta name=\"description\" content=\"Saiba mais sobre os diferentes cortes das cortadoras el\u00e9ctricas: o corte direto (ou m\u00e1ximo), assim como corte em chanfre.\" \/>\n<meta name=\"robots\" content=\"index, follow, max-snippet:-1, max-image-preview:large, max-video-preview:-1\" \/>\n<meta property=\"og:locale\" content=\"pt_PT\" \/>\n<meta property=\"og:type\" content=\"article\" \/>\n<meta property=\"og:title\" content=\"Cortes das cortadoras el\u00e9ctricas: corte direto ou m\u00e1ximo &#8211; RUBI Portugal\" \/>\n<meta property=\"og:description\" content=\"Saiba mais sobre os diferentes cortes das cortadoras el\u00e9ctricas: o corte direto (ou m\u00e1ximo), assim como corte em chanfre.\" \/>\n<meta property=\"og:url\" content=\"https:\/\/www.rubi.com\/pt\/blog\/cortes-das-cortadoras-electricas\/\" \/>\n<meta property=\"og:site_name\" content=\"RUBI Portugal\" \/>\n<meta property=\"article:publisher\" content=\"https:\/\/www.instagram.com\/rubitools\/\" \/>\n<meta property=\"article:author\" content=\"https:\/\/www.facebook.com\/quimrubitools\/?locale=es_ES\" \/>\n<meta property=\"article:published_time\" content=\"2016-10-25T05:08:37+00:00\" \/>\n<meta property=\"article:modified_time\" content=\"2025-02-17T13:12:04+00:00\" \/>\n<meta property=\"og:image\" content=\"https:\/\/www.rubi.com\/pt\/blog\/wp-content\/uploads\/2019\/07\/cortes-das-cortadoras-electricas.jpg\" \/>\n\t<meta property=\"og:image:width\" content=\"1584\" \/>\n\t<meta property=\"og:image:height\" content=\"951\" \/>\n\t<meta property=\"og:image:type\" content=\"image\/jpeg\" \/>\n<meta name=\"author\" content=\"Berta\" \/>\n<meta name=\"twitter:card\" content=\"summary_large_image\" \/>\n<meta name=\"twitter:creator\" content=\"@RubiTools_Es\" \/>\n<meta name=\"twitter:site\" content=\"@RubiTools_Es\" \/>\n<meta name=\"twitter:label1\" content=\"Written by\" \/>\n\t<meta name=\"twitter:data1\" content=\"Berta\" \/>\n\t<meta name=\"twitter:label2\" content=\"Est. reading time\" \/>\n\t<meta name=\"twitter:data2\" content=\"2 minutes\" \/>\n<!-- \/ Yoast SEO plugin. -->","yoast_head_json":{"title":"Cortes das cortadoras el\u00e9ctricas: corte direto ou m\u00e1ximo &#8211; RUBI Portugal","description":"Saiba mais sobre os diferentes cortes das cortadoras el\u00e9ctricas: o corte direto (ou m\u00e1ximo), assim como corte em chanfre.","robots":{"index":"index","follow":"follow","max-snippet":"max-snippet:-1","max-image-preview":"max-image-preview:large","max-video-preview":"max-video-preview:-1"},"og_locale":"pt_PT","og_type":"article","og_title":"Cortes das cortadoras el\u00e9ctricas: corte direto ou m\u00e1ximo &#8211; RUBI Portugal","og_description":"Saiba mais sobre os diferentes cortes das cortadoras el\u00e9ctricas: o corte direto (ou m\u00e1ximo), assim como corte em chanfre.","og_url":"https:\/\/www.rubi.com\/pt\/blog\/cortes-das-cortadoras-electricas\/","og_site_name":"RUBI Portugal","article_publisher":"https:\/\/www.instagram.com\/rubitools\/","article_author":"https:\/\/www.facebook.com\/quimrubitools\/?locale=es_ES","article_published_time":"2016-10-25T05:08:37+00:00","article_modified_time":"2025-02-17T13:12:04+00:00","og_image":[{"width":1584,"height":951,"url":"https:\/\/www.rubi.com\/pt\/blog\/wp-content\/uploads\/2019\/07\/cortes-das-cortadoras-electricas.jpg","type":"image\/jpeg"}],"author":"Berta","twitter_card":"summary_large_image","twitter_creator":"@RubiTools_Es","twitter_site":"@RubiTools_Es","twitter_misc":{"Written by":"Berta","Est. reading time":"2 minutes"},"schema":{"@context":"https:\/\/schema.org","@graph":[{"@type":"WebPage","@id":"https:\/\/www.rubi.com\/pt\/blog\/cortes-das-cortadoras-electricas\/","url":"https:\/\/www.rubi.com\/pt\/blog\/cortes-das-cortadoras-electricas\/","name":"Cortes das cortadoras el\u00e9ctricas: corte direto ou m\u00e1ximo &#8211; RUBI Portugal","isPartOf":{"@id":"https:\/\/www.rubi.com\/pt\/#website"},"primaryImageOfPage":{"@id":"https:\/\/www.rubi.com\/pt\/blog\/cortes-das-cortadoras-electricas\/#primaryimage"},"image":{"@id":"https:\/\/www.rubi.com\/pt\/blog\/cortes-das-cortadoras-electricas\/#primaryimage"},"thumbnailUrl":"https:\/\/www.rubi.com\/pt\/blog\/wp-content\/uploads\/2019\/07\/cortes-das-cortadoras-electricas.jpg","datePublished":"2016-10-25T05:08:37+00:00","dateModified":"2025-02-17T13:12:04+00:00","description":"Saiba mais sobre os diferentes cortes das cortadoras el\u00e9ctricas: o corte direto (ou m\u00e1ximo), assim como corte em chanfre.","breadcrumb":{"@id":"https:\/\/www.rubi.com\/pt\/blog\/cortes-das-cortadoras-electricas\/#breadcrumb"},"inLanguage":"pt-PT","potentialAction":[{"@type":"ReadAction","target":["https:\/\/www.rubi.com\/pt\/blog\/cortes-das-cortadoras-electricas\/"]}]},{"@type":"ImageObject","inLanguage":"pt-PT","@id":"https:\/\/www.rubi.com\/pt\/blog\/cortes-das-cortadoras-electricas\/#primaryimage","url":"https:\/\/www.rubi.com\/pt\/blog\/wp-content\/uploads\/2019\/07\/cortes-das-cortadoras-electricas.jpg","contentUrl":"https:\/\/www.rubi.com\/pt\/blog\/wp-content\/uploads\/2019\/07\/cortes-das-cortadoras-electricas.jpg","width":1584,"height":951,"caption":"Cortes das cortadoras el\u00e9ctricas"},{"@type":"BreadcrumbList","@id":"https:\/\/www.rubi.com\/pt\/blog\/cortes-das-cortadoras-electricas\/#breadcrumb","itemListElement":[{"@type":"ListItem","position":1,"name":"Home","item":"https:\/\/www.rubi.com\/pt\/"},{"@type":"ListItem","position":2,"name":"Cortes das cortadoras el\u00e9ctricas"}]},{"@type":"WebSite","@id":"https:\/\/www.rubi.com\/pt\/#website","url":"https:\/\/www.rubi.com\/pt\/","name":"RUBI Portugal","description":"","publisher":{"@id":"https:\/\/www.rubi.com\/pt\/#organization"},"potentialAction":[{"@type":"SearchAction","target":{"@type":"EntryPoint","urlTemplate":"https:\/\/www.rubi.com\/pt\/?s={search_term_string}"},"query-input":{"@type":"PropertyValueSpecification","valueRequired":true,"valueName":"search_term_string"}}],"inLanguage":"pt-PT"},{"@type":"Organization","@id":"https:\/\/www.rubi.com\/pt\/#organization","name":"RUBI Tools Portugu\u00eas","url":"https:\/\/www.rubi.com\/pt\/","logo":{"@type":"ImageObject","inLanguage":"pt-PT","@id":"https:\/\/www.rubi.com\/pt\/#\/schema\/logo\/image\/","url":"https:\/\/www.rubi.com\/fr\/blog\/wp-content\/uploads\/2021\/09\/rubi-logo-new.png","contentUrl":"https:\/\/www.rubi.com\/fr\/blog\/wp-content\/uploads\/2021\/09\/rubi-logo-new.png","width":300,"height":300,"caption":"RUBI Tools Portugu\u00eas"},"image":{"@id":"https:\/\/www.rubi.com\/pt\/#\/schema\/logo\/image\/"},"sameAs":["https:\/\/www.instagram.com\/rubitools\/","https:\/\/x.com\/RubiTools_Es","https:\/\/www.linkedin.com\/company\/rubi-group\/","https:\/\/www.youtube.com\/c\/ClubRubi"]}]}},"_links":{"self":[{"href":"https:\/\/www.rubi.com\/pt\/blog\/wp-json\/wp\/v2\/posts\/25764","targetHints":{"allow":["GET"]}}],"collection":[{"href":"https:\/\/www.rubi.com\/pt\/blog\/wp-json\/wp\/v2\/posts"}],"about":[{"href":"https:\/\/www.rubi.com\/pt\/blog\/wp-json\/wp\/v2\/types\/post"}],"author":[{"embeddable":true,"href":"https:\/\/www.rubi.com\/pt\/blog\/wp-json\/wp\/v2\/users\/53"}],"replies":[{"embeddable":true,"href":"https:\/\/www.rubi.com\/pt\/blog\/wp-json\/wp\/v2\/comments?post=25764"}],"version-history":[{"count":0,"href":"https:\/\/www.rubi.com\/pt\/blog\/wp-json\/wp\/v2\/posts\/25764\/revisions"}],"wp:featuredmedia":[{"embeddable":true,"href":"https:\/\/www.rubi.com\/pt\/blog\/wp-json\/wp\/v2\/media\/25765"}],"wp:attachment":[{"href":"https:\/\/www.rubi.com\/pt\/blog\/wp-json\/wp\/v2\/media?parent=25764"}],"wp:term":[{"taxonomy":"category","embeddable":true,"href":"https:\/\/www.rubi.com\/pt\/blog\/wp-json\/wp\/v2\/categories?post=25764"},{"taxonomy":"post_tag","embeddable":true,"href":"https:\/\/www.rubi.com\/pt\/blog\/wp-json\/wp\/v2\/tags?post=25764"}],"curies":[{"name":"wp","href":"https:\/\/api.w.org\/{rel}","templated":true}]}}