{"id":87919,"date":"2024-11-22T08:00:00","date_gmt":"2024-11-22T06:00:00","guid":{"rendered":"https:\/\/www.rubi.com\/?p=87919"},"modified":"2025-08-05T13:14:50","modified_gmt":"2025-08-05T11:14:50","slug":"quais-as-vantagens-de-uma-fachada-ventilada-em-ceramica","status":"publish","type":"post","link":"https:\/\/www.rubi.com\/pt\/blog\/quais-as-vantagens-de-uma-fachada-ventilada-em-ceramica\/","title":{"rendered":"Quais as vantagens de uma fachada ventilada em cer\u00e2mica?"},"content":{"rendered":"\n<p>Uma <strong>fachada ventilada em cer\u00e2mica<\/strong> \u00e9 uma das solu\u00e7\u00f5es mais eficientes e sustent\u00e1veis para o isolamento t\u00e9rmico e ac\u00fastico de edif\u00edcios, que est\u00e1 a tornar cada vez mais popular entre os profissionais da constru\u00e7\u00e3o. A sua conce\u00e7\u00e3o permite uma melhor prote\u00e7\u00e3o do edif\u00edcio contra condi\u00e7\u00f5es meteorol\u00f3gicas extremas, melhora a efici\u00eancia energ\u00e9tica e oferece baixa manuten\u00e7\u00e3o a longo prazo. Neste artigo, vamos aprofundar os principais benef\u00edcios desse sistema. Destacando as caracter\u00edsticas do material cer\u00e2mico e como utilizar as ferramentas <strong>RUBI<\/strong> para a instala\u00e7\u00e3o de fachadas ventiladas.<\/p>\n\n\n\n<h2 class=\"wp-block-heading\"><strong>O que \u00e9 uma fachada ventilada em cer\u00e2mica?<\/strong><\/h2>\n\n\n\n<p>A fachada ventilada \u00e9 um sistema construtivo que consiste na instala\u00e7\u00e3o de uma parede dupla, uma camada interna de isolamento t\u00e9rmico e ac\u00fastico, e uma camada externa de revestimento cer\u00e2mico, com uma c\u00e2mara de ar entre as duas. Esta c\u00e2mara gera um &#8220;efeito chamin\u00e9&#8221; que favorece a ventila\u00e7\u00e3o natural e permite a evacua\u00e7\u00e3o de humidade e calor. O revestimento cer\u00e2mico n\u00e3o s\u00f3 tem uma fun\u00e7\u00e3o est\u00e9tica, como tamb\u00e9m protege a estrutura e melhora o desempenho energ\u00e9tico do edif\u00edcio.<\/p>\n\n\n\n<h3 class=\"wp-block-heading\"><strong>Vantagens da fachada ventilada em cer\u00e2mica<\/strong><\/h3>\n\n\n\n<ol class=\"wp-block-list\">\n<li><strong>Isolamento t\u00e9rmico eficiente<\/strong>: Uma das principais vantagens da fachada ventilada em cer\u00e2mica \u00e9 a sua capacidade de melhorar o isolamento t\u00e9rmico do edif\u00edcio. Atrav\u00e9s da c\u00e2mara de ar entre o isolamento e o revestimento cer\u00e2mico, a transmiss\u00e3o de calor do exterior para o interior \u00e9 reduzida. Isto gera poupan\u00e7as consider\u00e1veis no consumo de energia do aquecimento no inverno e do ar condicionado no ver\u00e3o.&nbsp;<\/li>\n\n\n\n<li><strong>Isolamento ac\u00fastico superior<\/strong>: A cer\u00e2mica utilizada em fachadas ventiladas tamb\u00e9m contribui para um melhor isolamento ac\u00fastico, o que \u00e9 especialmente \u00fatil em \u00e1reas urbanas onde o ru\u00eddo \u00e9 um fator. A dupla camada de material e a c\u00e2mara de ar interm\u00e9dia absorvem e reduzem o impacto do som exterior.&nbsp;<\/li>\n\n\n\n<li><strong>Resist\u00eancia \u00e0s condi\u00e7\u00f5es clim\u00e1ticas<\/strong>: A cer\u00e2mica \u00e9 um material altamente resistente \u00e0s intemp\u00e9ries, como chuva, vento e mudan\u00e7as bruscas de temperatura. Al\u00e9m disso, sua baixa porosidade impede a absor\u00e7\u00e3o de humidade, o que protege as fachadas de problemas comuns, como <a href=\"https:\/\/www.rubi.com\/es\/blog\/eflorescencias\/\" target=\"_blank\" rel=\"noreferrer noopener\"><strong>a efloresc\u00eancia<\/strong><\/a>, que afetam outros tipos de materiais.<\/li>\n\n\n\n<li><strong>Baixa manuten\u00e7\u00e3o e durabilidade<\/strong>: As fachadas cer\u00e2micas ventiladas requerem manuten\u00e7\u00e3o m\u00ednima. Uma vez que s\u00e3o muito resistentes ao desgaste e n\u00e3o se deterioram facilmente contra agentes externos. A cer\u00e2mica \u00e9 f\u00e1cil de limpar e n\u00e3o \u00e9 afetada pela passagem do tempo, garantindo uma apar\u00eancia impec\u00e1vel por d\u00e9cadas.&nbsp;<\/li>\n\n\n\n<li><strong>Sustentabilidade e efici\u00eancia energ\u00e9tica<\/strong>: Al\u00e9m de reduzir o consumo de energia, a utiliza\u00e7\u00e3o de materiais cer\u00e2micos em fachadas ventiladas \u00e9 uma op\u00e7\u00e3o amiga do ambiente. A cer\u00e2mica \u00e9 um material recicl\u00e1vel e a sua durabilidade minimiza a necessidade de renova\u00e7\u00f5es e repara\u00e7\u00f5es, reduzindo o impacto ambiental a longo prazo.&nbsp;<\/li>\n\n\n\n<li><strong>Est\u00e9tica e versatilidade<\/strong>: O revestimento cer\u00e2mico oferece uma grande variedade de cores, texturas e acabamentos. Permitindo que arquitetos e construtores se adaptem a qualquer projeto est\u00e9tico. De fachadas minimalistas a acabamentos mais ornamentados, as cer\u00e2micas oferecem versatilidade sem sacrificar as propriedades t\u00e9cnicas.&nbsp;<\/li>\n<\/ol>\n\n\n\n<figure class=\"wp-block-image size-full\"><img decoding=\"async\" width=\"567\" height=\"378\" src=\"https:\/\/www.rubi.com\/es\/blog\/wp-content\/uploads\/2025\/08\/image.jpeg\" alt=\"\" class=\"wp-image-87920\" srcset=\"https:\/\/www.rubi.com\/pt\/blog\/wp-content\/uploads\/2025\/08\/image.jpeg 567w, https:\/\/www.rubi.com\/pt\/blog\/wp-content\/uploads\/2025\/08\/image-300x200.jpeg 300w\" sizes=\"(max-width: 567px) 100vw, 567px\" \/><\/figure>\n\n\n\n<h3 class=\"wp-block-heading\"><strong>Como instalar uma fachada ventilada em cer\u00e2mica: Ferramentas RUBI<\/strong><\/h3>\n\n\n\n<p>Para garantir um resultado de alta qualidade na instala\u00e7\u00e3o de fachadas ventiladas em cer\u00e2mica, \u00e9 essencial ter as ferramentas certas. A <strong>RUBI <\/strong>oferece uma gama completa de solu\u00e7\u00f5es especificamente concebidas para facilitar o processo de instala\u00e7\u00e3o, corte e ajuste de pe\u00e7as cer\u00e2micas.<\/p>\n\n\n\n<p>1. <a href=\"https:\/\/www.rubi.com\/pt\/categorias\/cortadores-manuais-para-pecas-ceramicas\" target=\"_blank\" rel=\"noreferrer noopener\"><strong>Cortadores manuais<\/strong><\/a>: A <a href=\"https:\/\/www.rubi.com\/pt\/produto\/cortadores-manuais-tz\" target=\"_blank\" rel=\"noreferrer noopener\"><strong>TZ<\/strong><\/a>\u00e9 ideal para cortar revestimentos cer\u00e2micos de grande formato com a precis\u00e3o necess\u00e1ria para garantir um ajuste perfeito na fachada. Portanto, o seu design robusto e capacidade de corte garantem efici\u00eancia no trabalho.&nbsp;<\/p>\n\n\n\n<ol class=\"wp-block-list\">\n<li><\/li>\n<\/ol>\n\n\n\n<figure class=\"wp-block-embed is-type-video is-provider-youtube wp-block-embed-youtube wp-embed-aspect-16-9 wp-has-aspect-ratio\"><div class=\"wp-block-embed__wrapper\">\n<iframe title=\"Cortadora Manual TZ\" width=\"500\" height=\"281\" src=\"https:\/\/www.youtube.com\/embed\/7cCdYimbZf0?feature=oembed\" frameborder=\"0\" allow=\"accelerometer; autoplay; clipboard-write; encrypted-media; gyroscope; picture-in-picture; web-share\" referrerpolicy=\"strict-origin-when-cross-origin\" allowfullscreen><\/iframe>\n<\/div><\/figure>\n\n\n\n<p>2. <strong>Ventosa a v\u00e1cuo Octo-USB<\/strong>: Manusear grandes pe\u00e7as cer\u00e2micas pode ser complicado. Mas a <a href=\"https:\/\/www.rubi.com\/pt\/produto\/octo-usb-energy-vacuum-suction-cup\" target=\"_blank\" rel=\"noreferrer noopener\"><strong>ventosa a v\u00e1cuo Octo Usb permite um<\/strong><\/a> manuseamento seguro sem risco de quebra ou deslocamento inadequado. S\u00e3o essenciais para o transporte e coloca\u00e7\u00e3o de pe\u00e7as cer\u00e2micas em fachadas ventiladas.&nbsp;<\/p>\n\n\n\n<figure class=\"wp-block-image size-full\"><img decoding=\"async\" width=\"567\" height=\"378\" src=\"https:\/\/www.rubi.com\/es\/blog\/wp-content\/uploads\/2025\/08\/Imagem1.jpg\" alt=\"\" class=\"wp-image-87929\" srcset=\"https:\/\/www.rubi.com\/pt\/blog\/wp-content\/uploads\/2025\/08\/Imagem1.jpg 567w, https:\/\/www.rubi.com\/pt\/blog\/wp-content\/uploads\/2025\/08\/Imagem1-300x200.jpg 300w\" sizes=\"(max-width: 567px) 100vw, 567px\" \/><\/figure>\n\n\n\n<p>3 &#8211; <strong>Esp\u00e1tulas e pentes<\/strong>: Necess\u00e1rio para aplicar o adesivo na instala\u00e7\u00e3o de pain\u00e9is e revestimentos. <a href=\"https:\/\/www.rubi.com\/pt\/categorias\/espatulas-e-pentes\" target=\"_blank\" rel=\"noreferrer noopener\"><strong>Esp\u00e1tulas<\/strong> e <strong>pentes<\/strong><\/a> dentados garantem uma distribui\u00e7\u00e3o uniforme do material, garantindo que as pe\u00e7as estejam corretamente coladas.<\/p>\n\n\n\n<figure class=\"wp-block-embed is-type-video is-provider-youtube wp-block-embed-youtube wp-embed-aspect-16-9 wp-has-aspect-ratio\"><div class=\"wp-block-embed__wrapper\">\n<iframe title=\"PEINE TECH-FLEX. Hazlo c\u00f3modo. La nueva generaci\u00f3n de peines.\" width=\"500\" height=\"281\" src=\"https:\/\/www.youtube.com\/embed\/tbBkL1aEBg4?feature=oembed\" frameborder=\"0\" allow=\"accelerometer; autoplay; clipboard-write; encrypted-media; gyroscope; picture-in-picture; web-share\" referrerpolicy=\"strict-origin-when-cross-origin\" allowfullscreen><\/iframe>\n<\/div><\/figure>\n\n\n\n<p>4. <a href=\"https:\/\/www.rubi.com\/pt\/categorias\/niveis\" target=\"_blank\" rel=\"noreferrer noopener\"><strong>N\u00edveis<\/strong><\/a>: O <a href=\"https:\/\/www.rubi.com\/pt\/produto\/niveis-rubilevel\" target=\"_blank\" rel=\"noreferrer noopener\"><strong>Rubilevel<\/strong><\/a> \u00e9 essencial para garantir que as pe\u00e7as cer\u00e2micas est\u00e3o perfeitamente alinhadas e niveladas durante a instala\u00e7\u00e3o, o que \u00e9 crucial para o acabamento final da fachada.<\/p>\n\n\n\n<figure class=\"wp-block-image size-full\"><img decoding=\"async\" width=\"850\" height=\"567\" src=\"https:\/\/www.rubi.com\/es\/blog\/wp-content\/uploads\/2025\/08\/Imagem2.jpg\" alt=\"\" class=\"wp-image-87938\" srcset=\"https:\/\/www.rubi.com\/pt\/blog\/wp-content\/uploads\/2025\/08\/Imagem2.jpg 850w, https:\/\/www.rubi.com\/pt\/blog\/wp-content\/uploads\/2025\/08\/Imagem2-300x200.jpg 300w, https:\/\/www.rubi.com\/pt\/blog\/wp-content\/uploads\/2025\/08\/Imagem2-768x512.jpg 768w\" sizes=\"(max-width: 850px) 100vw, 850px\" \/><\/figure>\n\n\n\n<ol class=\"wp-block-list\">\n<li><\/li>\n<\/ol>\n\n\n\n<h2 class=\"wp-block-heading\"><strong>Conclus\u00e3o<\/strong><\/h2>\n\n\n\n<p>Uma <strong>fachada ventilada em cer\u00e2mica<\/strong> \u00e9 uma solu\u00e7\u00e3o eficiente e sustent\u00e1vel que melhora o isolamento t\u00e9rmico e ac\u00fastico, protege o edif\u00edcio das condi\u00e7\u00f5es meteorol\u00f3gicas e reduz os custos de manuten\u00e7\u00e3o. Al\u00e9m disso, sua durabilidade e versatilidade est\u00e9tica o tornam uma op\u00e7\u00e3o atraente para qualquer projeto de constru\u00e7\u00e3o. Para obter os melhores resultados, \u00e9 essencial dispor de ferramentas de qualidade como as oferecidas pela <strong>RUBI,<\/strong> que garantem precis\u00e3o, efici\u00eancia e seguran\u00e7a em todo o processo de instala\u00e7\u00e3o.<\/p>\n\n\n\n<p>Se est\u00e1 interessado em saber mais sobre este tipo de solu\u00e7\u00e3o e as ferramentas adequadas para realizar este tipo de projeto, n\u00e3o hesite em consultar o cat\u00e1logo completo e <a href=\"https:\/\/www.rubi.com\/pt\" target=\"_blank\" rel=\"noreferrer noopener\"><strong>o website<\/strong><\/a>. E para mais informa\u00e7\u00f5es sobre temas relacionados com a constru\u00e7\u00e3o, convidamo-lo a ler o nosso artigo sobre efloresc\u00eancia.<\/p>\n\n\n\n<p><\/p>\n\n\n\n<p><\/p>\n","protected":false},"excerpt":{"rendered":"<p>Uma fachada ventilada em cer\u00e2mica \u00e9 uma das solu\u00e7\u00f5es mais eficientes e sustent\u00e1veis para o isolamento t\u00e9rmico e ac\u00fastico de edif\u00edcios, que est\u00e1 a tornar cada vez mais popular entre os profissionais da constru\u00e7\u00e3o. A sua conce\u00e7\u00e3o permite uma melhor prote\u00e7\u00e3o do edif\u00edcio contra condi\u00e7\u00f5es meteorol\u00f3gicas extremas, melhora a efici\u00eancia energ\u00e9tica e oferece baixa manuten\u00e7\u00e3o &hellip; <a href=\"https:\/\/www.rubi.com\/pt\/blog\/quais-as-vantagens-de-uma-fachada-ventilada-em-ceramica\/\">Continued<\/a><\/p>\n","protected":false},"author":47,"featured_media":82055,"comment_status":"open","ping_status":"open","sticky":false,"template":"","format":"standard","meta":{"_acf_changed":false,"content-type":"","footnotes":""},"categories":[840],"tags":[848],"class_list":["post-87919","post","type-post","status-publish","format-standard","has-post-thumbnail","hentry","category-rubi-tools","tag-ceramica"],"acf":[],"yoast_head":"<!-- This site is optimized with the Yoast SEO plugin v27.4 - https:\/\/yoast.com\/product\/yoast-seo-wordpress\/ -->\n<title>Quais as vantagens de uma fachada ventilada em cer\u00e2mica? &#8211; RUBI Portugal<\/title>\n<meta name=\"description\" content=\"As principais caracter\u00edstica e vantagens e como pode usar as ferramentas da RUBI para instala\u00e7\u00e3o de uma fachada ventilada em cer\u00e2mica.\" \/>\n<meta name=\"robots\" content=\"index, follow, max-snippet:-1, max-image-preview:large, max-video-preview:-1\" \/>\n<meta property=\"og:locale\" content=\"pt_PT\" \/>\n<meta property=\"og:type\" content=\"article\" \/>\n<meta property=\"og:title\" content=\"Quais as vantagens de uma fachada ventilada em cer\u00e2mica? &#8211; RUBI Portugal\" \/>\n<meta property=\"og:description\" content=\"As principais caracter\u00edstica e vantagens e como pode usar as ferramentas da RUBI para instala\u00e7\u00e3o de uma fachada ventilada em cer\u00e2mica.\" \/>\n<meta property=\"og:url\" content=\"https:\/\/www.rubi.com\/pt\/blog\/quais-as-vantagens-de-uma-fachada-ventilada-em-ceramica\/\" \/>\n<meta property=\"og:site_name\" content=\"RUBI Portugal\" \/>\n<meta property=\"article:publisher\" content=\"https:\/\/www.instagram.com\/rubitools\/\" \/>\n<meta property=\"article:published_time\" content=\"2024-11-22T06:00:00+00:00\" \/>\n<meta property=\"article:modified_time\" content=\"2025-08-05T11:14:50+00:00\" \/>\n<meta property=\"og:image\" content=\"https:\/\/www.rubi.com\/pt\/blog\/wp-content\/uploads\/2024\/11\/shutterstock_1705739662_11zon-scaled.jpg\" \/>\n\t<meta property=\"og:image:width\" content=\"2560\" \/>\n\t<meta property=\"og:image:height\" content=\"1709\" \/>\n\t<meta property=\"og:image:type\" content=\"image\/jpeg\" \/>\n<meta name=\"author\" content=\"Alice\" \/>\n<meta name=\"twitter:card\" content=\"summary_large_image\" \/>\n<meta name=\"twitter:creator\" content=\"@RubiTools_Es\" \/>\n<meta name=\"twitter:site\" content=\"@RubiTools_Es\" \/>\n<meta name=\"twitter:label1\" content=\"Written by\" \/>\n\t<meta name=\"twitter:data1\" content=\"Alice\" \/>\n\t<meta name=\"twitter:label2\" content=\"Est. reading time\" \/>\n\t<meta name=\"twitter:data2\" content=\"5 minutes\" \/>\n<!-- \/ Yoast SEO plugin. -->","yoast_head_json":{"title":"Quais as vantagens de uma fachada ventilada em cer\u00e2mica? &#8211; RUBI Portugal","description":"As principais caracter\u00edstica e vantagens e como pode usar as ferramentas da RUBI para instala\u00e7\u00e3o de uma fachada ventilada em cer\u00e2mica.","robots":{"index":"index","follow":"follow","max-snippet":"max-snippet:-1","max-image-preview":"max-image-preview:large","max-video-preview":"max-video-preview:-1"},"og_locale":"pt_PT","og_type":"article","og_title":"Quais as vantagens de uma fachada ventilada em cer\u00e2mica? &#8211; RUBI Portugal","og_description":"As principais caracter\u00edstica e vantagens e como pode usar as ferramentas da RUBI para instala\u00e7\u00e3o de uma fachada ventilada em cer\u00e2mica.","og_url":"https:\/\/www.rubi.com\/pt\/blog\/quais-as-vantagens-de-uma-fachada-ventilada-em-ceramica\/","og_site_name":"RUBI Portugal","article_publisher":"https:\/\/www.instagram.com\/rubitools\/","article_published_time":"2024-11-22T06:00:00+00:00","article_modified_time":"2025-08-05T11:14:50+00:00","og_image":[{"width":2560,"height":1709,"url":"https:\/\/www.rubi.com\/pt\/blog\/wp-content\/uploads\/2024\/11\/shutterstock_1705739662_11zon-scaled.jpg","type":"image\/jpeg"}],"author":"Alice","twitter_card":"summary_large_image","twitter_creator":"@RubiTools_Es","twitter_site":"@RubiTools_Es","twitter_misc":{"Written by":"Alice","Est. reading time":"5 minutes"},"schema":{"@context":"https:\/\/schema.org","@graph":[{"@type":"WebPage","@id":"https:\/\/www.rubi.com\/pt\/blog\/quais-as-vantagens-de-uma-fachada-ventilada-em-ceramica\/","url":"https:\/\/www.rubi.com\/pt\/blog\/quais-as-vantagens-de-uma-fachada-ventilada-em-ceramica\/","name":"Quais as vantagens de uma fachada ventilada em cer\u00e2mica? &#8211; RUBI Portugal","isPartOf":{"@id":"https:\/\/www.rubi.com\/pt\/#website"},"primaryImageOfPage":{"@id":"https:\/\/www.rubi.com\/pt\/blog\/quais-as-vantagens-de-uma-fachada-ventilada-em-ceramica\/#primaryimage"},"image":{"@id":"https:\/\/www.rubi.com\/pt\/blog\/quais-as-vantagens-de-uma-fachada-ventilada-em-ceramica\/#primaryimage"},"thumbnailUrl":"https:\/\/www.rubi.com\/pt\/blog\/wp-content\/uploads\/2024\/11\/shutterstock_1705739662_11zon-scaled.jpg","datePublished":"2024-11-22T06:00:00+00:00","dateModified":"2025-08-05T11:14:50+00:00","description":"As principais caracter\u00edstica e vantagens e como pode usar as ferramentas da RUBI para instala\u00e7\u00e3o de uma fachada ventilada em cer\u00e2mica.","breadcrumb":{"@id":"https:\/\/www.rubi.com\/pt\/blog\/quais-as-vantagens-de-uma-fachada-ventilada-em-ceramica\/#breadcrumb"},"inLanguage":"pt-PT","potentialAction":[{"@type":"ReadAction","target":["https:\/\/www.rubi.com\/pt\/blog\/quais-as-vantagens-de-uma-fachada-ventilada-em-ceramica\/"]}]},{"@type":"ImageObject","inLanguage":"pt-PT","@id":"https:\/\/www.rubi.com\/pt\/blog\/quais-as-vantagens-de-uma-fachada-ventilada-em-ceramica\/#primaryimage","url":"https:\/\/www.rubi.com\/pt\/blog\/wp-content\/uploads\/2024\/11\/shutterstock_1705739662_11zon-scaled.jpg","contentUrl":"https:\/\/www.rubi.com\/pt\/blog\/wp-content\/uploads\/2024\/11\/shutterstock_1705739662_11zon-scaled.jpg","width":2560,"height":1709,"caption":"fachada ventilada cer\u00e1mica"},{"@type":"BreadcrumbList","@id":"https:\/\/www.rubi.com\/pt\/blog\/quais-as-vantagens-de-uma-fachada-ventilada-em-ceramica\/#breadcrumb","itemListElement":[{"@type":"ListItem","position":1,"name":"Home","item":"https:\/\/www.rubi.com\/pt\/"},{"@type":"ListItem","position":2,"name":"Quais as vantagens de uma fachada ventilada em cer\u00e2mica?"}]},{"@type":"WebSite","@id":"https:\/\/www.rubi.com\/pt\/#website","url":"https:\/\/www.rubi.com\/pt\/","name":"RUBI Portugal","description":"","publisher":{"@id":"https:\/\/www.rubi.com\/pt\/#organization"},"potentialAction":[{"@type":"SearchAction","target":{"@type":"EntryPoint","urlTemplate":"https:\/\/www.rubi.com\/pt\/?s={search_term_string}"},"query-input":{"@type":"PropertyValueSpecification","valueRequired":true,"valueName":"search_term_string"}}],"inLanguage":"pt-PT"},{"@type":"Organization","@id":"https:\/\/www.rubi.com\/pt\/#organization","name":"RUBI Tools Portugu\u00eas","url":"https:\/\/www.rubi.com\/pt\/","logo":{"@type":"ImageObject","inLanguage":"pt-PT","@id":"https:\/\/www.rubi.com\/pt\/#\/schema\/logo\/image\/","url":"https:\/\/www.rubi.com\/fr\/blog\/wp-content\/uploads\/2021\/09\/rubi-logo-new.png","contentUrl":"https:\/\/www.rubi.com\/fr\/blog\/wp-content\/uploads\/2021\/09\/rubi-logo-new.png","width":300,"height":300,"caption":"RUBI Tools Portugu\u00eas"},"image":{"@id":"https:\/\/www.rubi.com\/pt\/#\/schema\/logo\/image\/"},"sameAs":["https:\/\/www.instagram.com\/rubitools\/","https:\/\/x.com\/RubiTools_Es","https:\/\/www.linkedin.com\/company\/rubi-group\/","https:\/\/www.youtube.com\/c\/ClubRubi"]}]}},"_links":{"self":[{"href":"https:\/\/www.rubi.com\/pt\/blog\/wp-json\/wp\/v2\/posts\/87919","targetHints":{"allow":["GET"]}}],"collection":[{"href":"https:\/\/www.rubi.com\/pt\/blog\/wp-json\/wp\/v2\/posts"}],"about":[{"href":"https:\/\/www.rubi.com\/pt\/blog\/wp-json\/wp\/v2\/types\/post"}],"author":[{"embeddable":true,"href":"https:\/\/www.rubi.com\/pt\/blog\/wp-json\/wp\/v2\/users\/47"}],"replies":[{"embeddable":true,"href":"https:\/\/www.rubi.com\/pt\/blog\/wp-json\/wp\/v2\/comments?post=87919"}],"version-history":[{"count":-1,"href":"https:\/\/www.rubi.com\/pt\/blog\/wp-json\/wp\/v2\/posts\/87919\/revisions"}],"wp:featuredmedia":[{"embeddable":true,"href":"https:\/\/www.rubi.com\/pt\/blog\/wp-json\/wp\/v2\/media\/82055"}],"wp:attachment":[{"href":"https:\/\/www.rubi.com\/pt\/blog\/wp-json\/wp\/v2\/media?parent=87919"}],"wp:term":[{"taxonomy":"category","embeddable":true,"href":"https:\/\/www.rubi.com\/pt\/blog\/wp-json\/wp\/v2\/categories?post=87919"},{"taxonomy":"post_tag","embeddable":true,"href":"https:\/\/www.rubi.com\/pt\/blog\/wp-json\/wp\/v2\/tags?post=87919"}],"curies":[{"name":"wp","href":"https:\/\/api.w.org\/{rel}","templated":true}]}}