{"id":94170,"date":"2026-04-29T15:05:47","date_gmt":"2026-04-29T13:05:47","guid":{"rendered":"https:\/\/www.rubi.com\/?p=94170"},"modified":"2026-04-29T15:05:49","modified_gmt":"2026-04-29T13:05:49","slug":"que-equipamento-de-protecao-podemos-fornecer-na-rubi","status":"publish","type":"post","link":"https:\/\/www.rubi.com\/pt\/blog\/que-equipamento-de-protecao-podemos-fornecer-na-rubi\/","title":{"rendered":"Que equipamento de prote\u00e7\u00e3o podemos fornecer na RUBI?"},"content":{"rendered":"\n<p>No setor da constru\u00e7\u00e3o, a seguran\u00e7a \u00e9 uma prioridade. Os profissionais est\u00e3o expostos a riscos como impactos, cortes, p\u00f3 ou posturas for\u00e7adas que podem causar les\u00f5es a longo prazo. Para minimizar estes riscos, <strong>a RUBI oferece uma vasta gama de equipamentos de prote\u00e7\u00e3o concebidos para garantir a seguran\u00e7a e o conforto do utilizador<\/strong>.<\/p>\n\n\n\n<p>Neste artigo, exploramos o <strong>principal equipamento de prote\u00e7\u00e3o que pode encontrar na RUBI, <\/strong>explicando a sua import\u00e2ncia e como escolher o mais adequado para cada tarefa.<\/p>\n\n\n\n<p><a href=\"https:\/\/landing.rubi.com\/cs\/c\/?cta_guid=2e664b7b-329a-47d5-b0cc-187b376782df&amp;signature=AAH58kGkIAOmCxF8E8JK8uY5i_DDWcFFEw&amp;utm_referrer=https%3A%2F%2Feuc-excel.officeapps.live.com%2F&amp;portal_id=6786297&amp;placement_guid=dee1dc36-67e1-4c75-bd20-04a3a79f9429&amp;click=72d2d15c-9a78-419c-bb75-b49a18d12d0d&amp;redirect_url=APefjpFTKyeNbI9XRHGx7IcWX52vpHtg6DGyfkmTKwSC8H9hDW2v5WlKb9xncYo7l5oXUesvYBjlmewYlKwSkwrPl8HW_wGNiDSHF2dOErcXpPVqgBoZVEojbYwALs4YHxlS4xlybgW0dBu2Pcu_KNGK63L5IMKmHwUWC7YJDfaXbHLRfl-fBlQP6bzz-pNpedr3F8Pd9hfjxptPYOnMmWNZzpevoeuZvhh1M8xFu_8fMdmo7Vcm1yxUcH19Im2zrGKBa_NrDGSDfphPvs7nyJuxurbYgoFGd1JmP8wjeQO8geAwcCjur5ky0HGCL5v1IIEFknWVkhk0faY29_KO5CD42UHC039U1A&amp;hsutk=0ce71fd61b06e646775c187a34daa69a&amp;canon=https%3A%2F%2Fwww.rubi.com%2Fes%2Fblog%2Fque-equipos-de-proteccion-podemos-proporcionar-desde-rubi%2F&amp;ts=1777372749278&amp;__hstc=262662163.0ce71fd61b06e646775c187a34daa69a.1650991600740.1776962227280.1777372576717.445&amp;__hssc=262662163.7.1777372576717&amp;contentType=blog-post\" target=\"_blank\" rel=\"noreferrer noopener\"><\/a><\/p>\n\n\n\n<h2 class=\"wp-block-heading\"><strong>1. Luvas de Seguran\u00e7a: Equipamento Essencial de Prote\u00e7\u00e3o para a M\u00e3o<\/strong><\/h2>\n\n\n\n<p>As m\u00e3os s\u00e3o uma das partes mais expostas do corpo na constru\u00e7\u00e3o, por isso ter\u00a0 <a href=\"https:\/\/www.rubi.com\/pt\/categorias\/luvas\" type=\"link\" id=\"https:\/\/www.rubi.com\/pt\/categorias\/luvas\" target=\"_blank\" rel=\"noreferrer noopener\"><strong>luvas de prote\u00e7\u00e3o<\/strong><\/a> adequadas \u00e9 essencial. Por esta raz\u00e3o, na <strong>RUBI<\/strong> oferecemos modelos diferentes para cada necessidade:<\/p>\n\n\n\n<figure class=\"wp-block-image size-full\"><img decoding=\"async\" width=\"709\" height=\"557\" src=\"https:\/\/www.rubi.com\/pt\/blog\/wp-content\/uploads\/2026\/04\/image-1.jpeg\" alt=\"\" class=\"wp-image-94171\" srcset=\"https:\/\/www.rubi.com\/pt\/blog\/wp-content\/uploads\/2026\/04\/image-1.jpeg 709w, https:\/\/www.rubi.com\/pt\/blog\/wp-content\/uploads\/2026\/04\/image-1-300x236.jpeg 300w\" sizes=\"(max-width: 709px) 100vw, 709px\" \/><\/figure>\n\n\n\n<h3 class=\"wp-block-heading\"><strong>Luvas de constru\u00e7\u00e3o<\/strong><\/h3>\n\n\n\n<p><strong>Recomendado para:<\/strong> Trabalhos gerais de alvenaria, manuseamento de detritos e cargas pesadas.<\/p>\n\n\n\n<p><br><strong>Caracter\u00edsticas:<\/strong><\/p>\n\n\n\n<ul class=\"wp-block-list\">\n<li>Palma refor\u00e7ada para melhor ader\u00eancia.<\/li>\n\n\n\n<li>Resist\u00eancia ao desgaste.<\/li>\n\n\n\n<li>Material respir\u00e1vel para conforto duradouro.<\/li>\n<\/ul>\n\n\n\n<p><strong>Recomenda\u00e7\u00e3o:<\/strong> Se trabalha em ambientes h\u00famidos ou com subst\u00e2ncias abrasivas, <a href=\"https:\/\/www.rubi.com\/pt\/produto\/luvas-latex\" type=\"link\" id=\"https:\/\/www.rubi.com\/pt\/produto\/luvas-latex\" target=\"_blank\" rel=\"noreferrer noopener\"><strong>\u00a0as luvas de l\u00e1tex RUBI<\/strong><\/a> s\u00e3o ideais. Al\u00e9m disso, s\u00e3o feitos de l\u00e1tex 100% natural e cumprem a Norma EN 420, sendo concebidos para proteger as m\u00e3os do fixador profissional de azulejos cer\u00e2micos contra agentes agressivos como adesivos, produtos de limpeza e \u00e1gua.\u00a0<\/p>\n\n\n\n<h2 class=\"wp-block-heading\"><strong>2. Equipamento de Prote\u00e7\u00e3o Ocular: Seguran\u00e7a contra Part\u00edculas e Poeira<\/strong><\/h2>\n\n\n\n<p>Durante o corte, desbate ou fura\u00e7\u00e3o de azulejos, os olhos ficam expostos a p\u00f3, lascas e fragmentos. Por isso, o uso <strong>de equipamentos de prote\u00e7\u00e3o<\/strong> ocular, como <a href=\"https:\/\/www.rubi.com\/pt\/produto\/oculos-protectores\" type=\"link\" id=\"https:\/\/www.rubi.com\/pt\/produto\/oculos-protectores\" target=\"_blank\" rel=\"noreferrer noopener\"><strong>\u00f3culos de prote\u00e7\u00e3o,<\/strong><\/a> \u00e9 fundamental para prevenir acidentes.<\/p>\n\n\n\n<figure class=\"wp-block-image size-full\"><img decoding=\"async\" width=\"709\" height=\"709\" src=\"https:\/\/www.rubi.com\/pt\/blog\/wp-content\/uploads\/2026\/04\/image-3.jpeg\" alt=\"\" class=\"wp-image-94176\" srcset=\"https:\/\/www.rubi.com\/pt\/blog\/wp-content\/uploads\/2026\/04\/image-3.jpeg 709w, https:\/\/www.rubi.com\/pt\/blog\/wp-content\/uploads\/2026\/04\/image-3-300x300.jpeg 300w, https:\/\/www.rubi.com\/pt\/blog\/wp-content\/uploads\/2026\/04\/image-3-150x150.jpeg 150w\" sizes=\"(max-width: 709px) 100vw, 709px\" \/><\/figure>\n\n\n\n<h3 class=\"wp-block-heading\"><strong>\u00d3culos de prote\u00e7\u00e3o RUBI<\/strong><\/h3>\n\n\n\n<p><strong>Recomendado para:<\/strong> Trabalhar com ferramentas el\u00e9tricas e manuais.<\/p>\n\n\n\n<p><br><strong>Caracter\u00edsticas:<\/strong><\/p>\n\n\n\n<ul class=\"wp-block-list\">\n<li>Lentes resistentes a impactos e riscos.<\/li>\n\n\n\n<li>Design ergon\u00f3mico para maior conforto.<\/li>\n\n\n\n<li>Modelos com prote\u00e7\u00e3o lateral para evitar a entrada de part\u00edculas.<\/li>\n<\/ul>\n\n\n\n<p><strong>Dica:<\/strong> Recomenda-se combinar \u00f3culos de prote\u00e7\u00e3o com m\u00e1scaras para evitar inalar p\u00f3.<\/p>\n\n\n\n<h2 class=\"wp-block-heading\"><strong>3. Joelheiras: conforto e prote\u00e7\u00e3o em trabalho prolongado<\/strong><\/h2>\n\n\n\n<p>Os profissionais da constru\u00e7\u00e3o, especialmente <strong>os aplicadores de cer\u00e2mica<\/strong>, passam muitas horas de joelhos. Por isso, <a href=\"https:\/\/www.rubi.com\/pt\/categorias\/joelheiras-assento-ergonomico-e-almofada\" type=\"link\" id=\"https:\/\/www.rubi.com\/pt\/categorias\/joelheiras-assento-ergonomico-e-almofada\" target=\"_blank\" rel=\"noreferrer noopener\"><strong>as joelheiras<\/strong><\/a> protegem contra impactos e reduzem a fadiga.<\/p>\n\n\n\n<figure class=\"wp-block-image size-full\"><img decoding=\"async\" width=\"708\" height=\"472\" src=\"https:\/\/www.rubi.com\/pt\/blog\/wp-content\/uploads\/2026\/04\/image-2.jpeg\" alt=\"\" class=\"wp-image-94174\" srcset=\"https:\/\/www.rubi.com\/pt\/blog\/wp-content\/uploads\/2026\/04\/image-2.jpeg 708w, https:\/\/www.rubi.com\/pt\/blog\/wp-content\/uploads\/2026\/04\/image-2-300x200.jpeg 300w\" sizes=\"(max-width: 708px) 100vw, 708px\" \/><\/figure>\n\n\n\n<h3 class=\"wp-block-heading\"><strong>Joelheiras profissionais RUBI<\/strong><\/h3>\n\n\n\n<p><strong>Recomendado para:<\/strong> Trabalhos de coloca\u00e7\u00e3o de azulejos e tarefas que exigem ajoelhar-se durante longos per\u00edodos.<\/p>\n\n\n\n<p><br><strong>Caracter\u00edsticas:<\/strong><\/p>\n\n\n\n<ul class=\"wp-block-list\">\n<li>Design ergon\u00f3mico para distribuir a press\u00e3o.<\/li>\n\n\n\n<li>Material almofadado que protege as articula\u00e7\u00f5es.<\/li>\n\n\n\n<li>Tiras ajust\u00e1veis para maior conforto.<\/li>\n<\/ul>\n\n\n\n<p><strong>Dica:<\/strong> Usar joelheiras de gel proporciona melhor absor\u00e7\u00e3o de impactos e maior conforto.<\/p>\n\n\n\n<h2 class=\"wp-block-heading\"><strong>4. Equipamento de prote\u00e7\u00e3o auditiva: reduz o impacto do ru\u00eddo no ouvido<\/strong><\/h2>\n\n\n\n<p>Ferramentas el\u00e9tricas como <strong>cortadores e rebarbadoras <\/strong>geram n\u00edveis elevados de ru\u00eddo que podem causar danos auditivos se o ouvido n\u00e3o estiver devidamente protegido.<\/p>\n\n\n\n<figure class=\"wp-block-image size-full\"><img decoding=\"async\" width=\"709\" height=\"709\" src=\"https:\/\/www.rubi.com\/pt\/blog\/wp-content\/uploads\/2026\/04\/image-3.jpeg\" alt=\"\" class=\"wp-image-94178\" srcset=\"https:\/\/www.rubi.com\/pt\/blog\/wp-content\/uploads\/2026\/04\/image-3.jpeg 709w, https:\/\/www.rubi.com\/pt\/blog\/wp-content\/uploads\/2026\/04\/image-3-300x300.jpeg 300w, https:\/\/www.rubi.com\/pt\/blog\/wp-content\/uploads\/2026\/04\/image-3-150x150.jpeg 150w\" sizes=\"(max-width: 709px) 100vw, 709px\" \/><\/figure>\n\n\n\n<h3 class=\"wp-block-heading\"><strong>Protetores auditivos RUBI<\/strong><\/h3>\n\n\n\n<p><strong>Recomendado para:<\/strong> Trabalhar em ambientes com polui\u00e7\u00e3o sonora superior a 80 dB.<\/p>\n\n\n\n<p><br><strong>Caracter\u00edsticas:<\/strong><\/p>\n\n\n\n<ul class=\"wp-block-list\">\n<li>Protetores auriculares com toucas almofadadas para maior conforto.<\/li>\n\n\n\n<li>Arn\u00eas r\u00edgido de pl\u00e1stico que garante uma coloca\u00e7\u00e3o correta.<\/li>\n\n\n\n<li>Fabricado de acordo com a EN 352-1.<\/li>\n<\/ul>\n\n\n\n<p><strong>Recomenda\u00e7\u00e3o:<\/strong> <a href=\"https:\/\/www.rubi.com\/pt\/produto\/protector-auditivo\" type=\"link\" id=\"https:\/\/www.rubi.com\/pt\/produto\/protector-auditivo\" target=\"_blank\" rel=\"noreferrer noopener\"><strong>Os protetores auditivos RUBI<\/strong><\/a> oferecem prote\u00e7\u00e3o confort\u00e1vel e eficaz contra ru\u00eddo em ambientes de trabalho exigentes.<\/p>\n\n\n\n<h2 class=\"wp-block-heading\"><strong>5. Equipamento de prote\u00e7\u00e3o lombar: previne les\u00f5es nas costas<\/strong><\/h2>\n\n\n\n<p>Na ind\u00fastria da constru\u00e7\u00e3o, a manuseamento de cargas \u00e9 uma constante di\u00e1ria. Portanto, para evitar les\u00f5es lombares ao transportar peso ou manter posi\u00e7\u00f5es fixas, o uso de um <strong>protetor lombar<\/strong> \u00e9 uma ajuda fundamental.<\/p>\n\n\n\n<figure class=\"wp-block-image size-full\"><img decoding=\"async\" width=\"708\" height=\"472\" src=\"https:\/\/www.rubi.com\/pt\/blog\/wp-content\/uploads\/2026\/04\/image-2.jpeg\" alt=\"\" class=\"wp-image-94173\" srcset=\"https:\/\/www.rubi.com\/pt\/blog\/wp-content\/uploads\/2026\/04\/image-2.jpeg 708w, https:\/\/www.rubi.com\/pt\/blog\/wp-content\/uploads\/2026\/04\/image-2-300x200.jpeg 300w\" sizes=\"(max-width: 708px) 100vw, 708px\" \/><\/figure>\n\n\n\n<h3 class=\"wp-block-heading\"><strong>Protetor lombar RUBI<\/strong><\/h3>\n\n\n\n<p><strong>Recomendado para:<\/strong> Trabalhos que envolvam levantar cargas pesadas ou manter uma postura prolongada.<\/p>\n\n\n\n<p><br><strong>Caracter\u00edsticas:<\/strong><\/p>\n\n\n\n<ul class=\"wp-block-list\">\n<li>Refor\u00e7os verticais na zona lombar.<\/li>\n\n\n\n<li>Tensores laterais ajust\u00e1veis para adaptar a press\u00e3o no momento do esfor\u00e7o.<\/li>\n\n\n\n<li>Dispon\u00edvel nos tamanhos <strong>L (96-104 cm) e XL (104-112 cm).<\/strong><\/li>\n<\/ul>\n\n\n\n<p><strong>Recomenda\u00e7\u00e3o:<\/strong> <a href=\"https:\/\/www.rubi.com\/pt\/produto\/protector-lombar\" type=\"link\" id=\"https:\/\/www.rubi.com\/pt\/produto\/protector-lombar\" target=\"_blank\" rel=\"noreferrer noopener\"><strong>O protetor lombar RUBI<\/strong><\/a> \u00e9 o complemento ideal para melhorar a ergonomia no trabalho e reduzir o risco de les\u00f5es.<\/p>\n\n\n\n<h2 class=\"wp-block-heading\"><strong>A seguran\u00e7a \u00e9 um investimento, n\u00e3o uma despesa<\/strong><\/h2>\n\n\n\n<p>Ter <a href=\"https:\/\/www.rubi.com\/pt\/secoes\/equipamento-de-seguranca\" type=\"link\" id=\"https:\/\/www.rubi.com\/pt\/secoes\/equipamento-de-seguranca\" target=\"_blank\" rel=\"noreferrer noopener\"><strong>elementos de prote\u00e7\u00e3o <\/strong><\/a>\u00a0<strong>de qualidade<\/strong> \u00e9 essencial para garantir a seguran\u00e7a no trabalho e evitar les\u00f5es. Por esta raz\u00e3o, na <strong>RUBI<\/strong> oferecemos uma vasta gama de produtos concebidos para <strong>proteger os profissionais da constru\u00e7\u00e3o<\/strong> em todas as tarefas.<\/p>\n\n\n\n<!--HubSpot Call-to-Action Code --><span class=\"hs-cta-wrapper\" id=\"hs-cta-wrapper-9e4fe041-0b84-4ff9-9be4-370250857b84\"><span class=\"hs-cta-node hs-cta-9e4fe041-0b84-4ff9-9be4-370250857b84\" id=\"hs-cta-9e4fe041-0b84-4ff9-9be4-370250857b84\"><!--[if lte IE 8]><div id=\"hs-cta-ie-element\"><\/div><![endif]--><a href=\"https:\/\/cta-redirect.hubspot.com\/cta\/redirect\/6786297\/9e4fe041-0b84-4ff9-9be4-370250857b84\" target=\"_blank\" rel=\"noopener\"><img decoding=\"async\" class=\"hs-cta-img\" id=\"hs-cta-img-9e4fe041-0b84-4ff9-9be4-370250857b84\" style=\"border-width:0px;\" src=\"https:\/\/no-cache.hubspot.com\/cta\/default\/6786297\/9e4fe041-0b84-4ff9-9be4-370250857b84.png\"  alt=\"PT_CTA_BLOG_HORIZONTAL\"\/><\/a><\/span><script charset=\"utf-8\" src=\"https:\/\/js.hscta.net\/cta\/current.js\"><\/script><script type=\"text\/javascript\"> hbspt.cta.load(6786297, '9e4fe041-0b84-4ff9-9be4-370250857b84', {\"useNewLoader\":\"true\",\"region\":\"na1\"}); <\/script><\/span><!-- end HubSpot Call-to-Action Code -->\n\n\n\n<p><\/p>\n","protected":false},"excerpt":{"rendered":"<p>No setor da constru\u00e7\u00e3o, a seguran\u00e7a \u00e9 uma prioridade. Os profissionais est\u00e3o expostos a riscos como impactos, cortes, p\u00f3 ou posturas for\u00e7adas que podem causar les\u00f5es a longo prazo. Para minimizar estes riscos, a RUBI oferece uma vasta gama de equipamentos de prote\u00e7\u00e3o concebidos para garantir a seguran\u00e7a e o conforto do utilizador. Neste artigo, &hellip; <a href=\"https:\/\/www.rubi.com\/pt\/blog\/que-equipamento-de-protecao-podemos-fornecer-na-rubi\/\">Continued<\/a><\/p>\n","protected":false},"author":47,"featured_media":94079,"comment_status":"open","ping_status":"open","sticky":false,"template":"","format":"standard","meta":{"_acf_changed":false,"content-type":"","footnotes":""},"categories":[840],"tags":[2857,2856,2855],"class_list":["post-94170","post","type-post","status-publish","format-standard","has-post-thumbnail","hentry","category-rubi-tools","tag-epi","tag-protecao","tag-seguranca"],"acf":[],"yoast_head":"<!-- This site is optimized with the Yoast SEO plugin v27.4 - https:\/\/yoast.com\/product\/yoast-seo-wordpress\/ -->\n<title>Que equipamento de prote\u00e7\u00e3o podemos fornecer na RUBI?<\/title>\n<meta name=\"description\" content=\"A RUBI disponibiliza equipamentos de prote\u00e7\u00e3o para a constru\u00e7\u00e3o civil: luvas, prote\u00e7\u00e3o ocular, auditiva, joelheiras e suporte lombar.\" \/>\n<meta name=\"robots\" content=\"index, follow, max-snippet:-1, max-image-preview:large, max-video-preview:-1\" \/>\n<meta property=\"og:locale\" content=\"pt_PT\" \/>\n<meta property=\"og:type\" content=\"article\" \/>\n<meta property=\"og:title\" content=\"Que equipamento de prote\u00e7\u00e3o podemos fornecer na RUBI?\" \/>\n<meta property=\"og:description\" content=\"A RUBI disponibiliza equipamentos de prote\u00e7\u00e3o para a constru\u00e7\u00e3o civil: luvas, prote\u00e7\u00e3o ocular, auditiva, joelheiras e suporte lombar.\" \/>\n<meta property=\"og:url\" content=\"https:\/\/www.rubi.com\/pt\/blog\/que-equipamento-de-protecao-podemos-fornecer-na-rubi\/\" \/>\n<meta property=\"og:site_name\" content=\"RUBI Portugal\" \/>\n<meta property=\"article:publisher\" content=\"https:\/\/www.instagram.com\/rubitools\/\" \/>\n<meta property=\"article:published_time\" content=\"2026-04-29T13:05:47+00:00\" \/>\n<meta property=\"article:modified_time\" content=\"2026-04-29T13:05:49+00:00\" \/>\n<meta property=\"og:image\" content=\"https:\/\/www.rubi.com\/pt\/blog\/wp-content\/uploads\/2026\/04\/52960_a_03.jpg\" \/>\n\t<meta property=\"og:image:width\" content=\"1200\" \/>\n\t<meta property=\"og:image:height\" content=\"800\" \/>\n\t<meta property=\"og:image:type\" content=\"image\/jpeg\" \/>\n<meta name=\"author\" content=\"Alice\" \/>\n<meta name=\"twitter:card\" content=\"summary_large_image\" \/>\n<meta name=\"twitter:creator\" content=\"@RubiTools_Es\" \/>\n<meta name=\"twitter:site\" content=\"@RubiTools_Es\" \/>\n<meta name=\"twitter:label1\" content=\"Written by\" \/>\n\t<meta name=\"twitter:data1\" content=\"Alice\" \/>\n\t<meta name=\"twitter:label2\" content=\"Est. reading time\" \/>\n\t<meta name=\"twitter:data2\" content=\"4 minutes\" \/>\n<!-- \/ Yoast SEO plugin. -->","yoast_head_json":{"title":"Que equipamento de prote\u00e7\u00e3o podemos fornecer na RUBI?","description":"A RUBI disponibiliza equipamentos de prote\u00e7\u00e3o para a constru\u00e7\u00e3o civil: luvas, prote\u00e7\u00e3o ocular, auditiva, joelheiras e suporte lombar.","robots":{"index":"index","follow":"follow","max-snippet":"max-snippet:-1","max-image-preview":"max-image-preview:large","max-video-preview":"max-video-preview:-1"},"og_locale":"pt_PT","og_type":"article","og_title":"Que equipamento de prote\u00e7\u00e3o podemos fornecer na RUBI?","og_description":"A RUBI disponibiliza equipamentos de prote\u00e7\u00e3o para a constru\u00e7\u00e3o civil: luvas, prote\u00e7\u00e3o ocular, auditiva, joelheiras e suporte lombar.","og_url":"https:\/\/www.rubi.com\/pt\/blog\/que-equipamento-de-protecao-podemos-fornecer-na-rubi\/","og_site_name":"RUBI Portugal","article_publisher":"https:\/\/www.instagram.com\/rubitools\/","article_published_time":"2026-04-29T13:05:47+00:00","article_modified_time":"2026-04-29T13:05:49+00:00","og_image":[{"width":1200,"height":800,"url":"https:\/\/www.rubi.com\/pt\/blog\/wp-content\/uploads\/2026\/04\/52960_a_03.jpg","type":"image\/jpeg"}],"author":"Alice","twitter_card":"summary_large_image","twitter_creator":"@RubiTools_Es","twitter_site":"@RubiTools_Es","twitter_misc":{"Written by":"Alice","Est. reading time":"4 minutes"},"schema":{"@context":"https:\/\/schema.org","@graph":[{"@type":"WebPage","@id":"https:\/\/www.rubi.com\/pt\/blog\/que-equipamento-de-protecao-podemos-fornecer-na-rubi\/","url":"https:\/\/www.rubi.com\/pt\/blog\/que-equipamento-de-protecao-podemos-fornecer-na-rubi\/","name":"Que equipamento de prote\u00e7\u00e3o podemos fornecer na RUBI?","isPartOf":{"@id":"https:\/\/www.rubi.com\/pt\/#website"},"primaryImageOfPage":{"@id":"https:\/\/www.rubi.com\/pt\/blog\/que-equipamento-de-protecao-podemos-fornecer-na-rubi\/#primaryimage"},"image":{"@id":"https:\/\/www.rubi.com\/pt\/blog\/que-equipamento-de-protecao-podemos-fornecer-na-rubi\/#primaryimage"},"thumbnailUrl":"https:\/\/www.rubi.com\/pt\/blog\/wp-content\/uploads\/2026\/04\/52960_a_03.jpg","datePublished":"2026-04-29T13:05:47+00:00","dateModified":"2026-04-29T13:05:49+00:00","description":"A RUBI disponibiliza equipamentos de prote\u00e7\u00e3o para a constru\u00e7\u00e3o civil: luvas, prote\u00e7\u00e3o ocular, auditiva, joelheiras e suporte lombar.","breadcrumb":{"@id":"https:\/\/www.rubi.com\/pt\/blog\/que-equipamento-de-protecao-podemos-fornecer-na-rubi\/#breadcrumb"},"inLanguage":"pt-PT","potentialAction":[{"@type":"ReadAction","target":["https:\/\/www.rubi.com\/pt\/blog\/que-equipamento-de-protecao-podemos-fornecer-na-rubi\/"]}]},{"@type":"ImageObject","inLanguage":"pt-PT","@id":"https:\/\/www.rubi.com\/pt\/blog\/que-equipamento-de-protecao-podemos-fornecer-na-rubi\/#primaryimage","url":"https:\/\/www.rubi.com\/pt\/blog\/wp-content\/uploads\/2026\/04\/52960_a_03.jpg","contentUrl":"https:\/\/www.rubi.com\/pt\/blog\/wp-content\/uploads\/2026\/04\/52960_a_03.jpg","width":1200,"height":800},{"@type":"BreadcrumbList","@id":"https:\/\/www.rubi.com\/pt\/blog\/que-equipamento-de-protecao-podemos-fornecer-na-rubi\/#breadcrumb","itemListElement":[{"@type":"ListItem","position":1,"name":"Home","item":"https:\/\/www.rubi.com\/pt\/"},{"@type":"ListItem","position":2,"name":"Que equipamento de prote\u00e7\u00e3o podemos fornecer na RUBI?"}]},{"@type":"WebSite","@id":"https:\/\/www.rubi.com\/pt\/#website","url":"https:\/\/www.rubi.com\/pt\/","name":"RUBI Portugal","description":"","publisher":{"@id":"https:\/\/www.rubi.com\/pt\/#organization"},"potentialAction":[{"@type":"SearchAction","target":{"@type":"EntryPoint","urlTemplate":"https:\/\/www.rubi.com\/pt\/?s={search_term_string}"},"query-input":{"@type":"PropertyValueSpecification","valueRequired":true,"valueName":"search_term_string"}}],"inLanguage":"pt-PT"},{"@type":"Organization","@id":"https:\/\/www.rubi.com\/pt\/#organization","name":"RUBI Tools Portugu\u00eas","url":"https:\/\/www.rubi.com\/pt\/","logo":{"@type":"ImageObject","inLanguage":"pt-PT","@id":"https:\/\/www.rubi.com\/pt\/#\/schema\/logo\/image\/","url":"https:\/\/www.rubi.com\/fr\/blog\/wp-content\/uploads\/2021\/09\/rubi-logo-new.png","contentUrl":"https:\/\/www.rubi.com\/fr\/blog\/wp-content\/uploads\/2021\/09\/rubi-logo-new.png","width":300,"height":300,"caption":"RUBI Tools Portugu\u00eas"},"image":{"@id":"https:\/\/www.rubi.com\/pt\/#\/schema\/logo\/image\/"},"sameAs":["https:\/\/www.instagram.com\/rubitools\/","https:\/\/x.com\/RubiTools_Es","https:\/\/www.linkedin.com\/company\/rubi-group\/","https:\/\/www.youtube.com\/c\/ClubRubi"]}]}},"_links":{"self":[{"href":"https:\/\/www.rubi.com\/pt\/blog\/wp-json\/wp\/v2\/posts\/94170","targetHints":{"allow":["GET"]}}],"collection":[{"href":"https:\/\/www.rubi.com\/pt\/blog\/wp-json\/wp\/v2\/posts"}],"about":[{"href":"https:\/\/www.rubi.com\/pt\/blog\/wp-json\/wp\/v2\/types\/post"}],"author":[{"embeddable":true,"href":"https:\/\/www.rubi.com\/pt\/blog\/wp-json\/wp\/v2\/users\/47"}],"replies":[{"embeddable":true,"href":"https:\/\/www.rubi.com\/pt\/blog\/wp-json\/wp\/v2\/comments?post=94170"}],"version-history":[{"count":-2,"href":"https:\/\/www.rubi.com\/pt\/blog\/wp-json\/wp\/v2\/posts\/94170\/revisions"}],"wp:featuredmedia":[{"embeddable":true,"href":"https:\/\/www.rubi.com\/pt\/blog\/wp-json\/wp\/v2\/media\/94079"}],"wp:attachment":[{"href":"https:\/\/www.rubi.com\/pt\/blog\/wp-json\/wp\/v2\/media?parent=94170"}],"wp:term":[{"taxonomy":"category","embeddable":true,"href":"https:\/\/www.rubi.com\/pt\/blog\/wp-json\/wp\/v2\/categories?post=94170"},{"taxonomy":"post_tag","embeddable":true,"href":"https:\/\/www.rubi.com\/pt\/blog\/wp-json\/wp\/v2\/tags?post=94170"}],"curies":[{"name":"wp","href":"https:\/\/api.w.org\/{rel}","templated":true}]}}